{"id":12924,"date":"2025-02-24T17:51:20","date_gmt":"2025-02-24T16:51:20","guid":{"rendered":"https:\/\/wgphoto.pl\/t\/?p=12924"},"modified":"2025-02-24T17:51:20","modified_gmt":"2025-02-24T16:51:20","slug":"na-podjezdzie","status":"publish","type":"post","link":"https:\/\/wgphoto.pl\/t\/?p=12924","title":{"rendered":"Na podje\u017adzie"},"content":{"rendered":"\n<figure class=\"wp-block-image aligncenter size-full\"><img loading=\"lazy\" decoding=\"async\" width=\"1300\" height=\"870\" src=\"https:\/\/wgphoto.pl\/t\/wp-content\/uploads\/2025\/02\/imgp2615.jpg\" alt=\"\" class=\"wp-image-12925\" srcset=\"https:\/\/wgphoto.pl\/t\/wp-content\/uploads\/2025\/02\/imgp2615.jpg 1300w, https:\/\/wgphoto.pl\/t\/wp-content\/uploads\/2025\/02\/imgp2615-300x201.jpg 300w, https:\/\/wgphoto.pl\/t\/wp-content\/uploads\/2025\/02\/imgp2615-768x514.jpg 768w\" sizes=\"auto, (max-width: 1300px) 100vw, 1300px\" \/><\/figure>\n\n\n\n<div class=\"wp-block-group has-global-padding is-layout-constrained wp-block-group-is-layout-constrained\">\n<p>Kij\u00f3w, ul. Dobrynynska. Jedna z niewielu kijowskich tatr typu T3, pochodz\u0105cych z rocznika m\u0142odszego ode mnie, wspina si\u0119 na wiadukt nad bocznic\u0105 kolejow\u0105. 2010-04-23<\/p>\n<\/div>\n","protected":false},"excerpt":{"rendered":"<p>Kij\u00f3w, ul. Dobrynynska. Jedna z niewielu kijowskich tatr typu T3, pochodz\u0105cych z rocznika m\u0142odszego ode mnie, wspina si\u0119 na wiadukt nad bocznic\u0105 kolejow\u0105. 2010-04-23<\/p>\n","protected":false},"author":1,"featured_media":12925,"comment_status":"open","ping_status":"","sticky":false,"template":"","format":"standard","meta":{"footnotes":""},"categories":[86,3],"tags":[455,452,118,1011,453],"class_list":["post-12924","post","type-post","status-publish","format-standard","has-post-thumbnail","hentry","category-rok-2010","category-tramwaj","tag-2010-04-23","tag-kijow","tag-plany-i-profile","tag-tatra-t3","tag-ukraina"],"_links":{"self":[{"href":"https:\/\/wgphoto.pl\/t\/index.php?rest_route=\/wp\/v2\/posts\/12924","targetHints":{"allow":["GET"]}}],"collection":[{"href":"https:\/\/wgphoto.pl\/t\/index.php?rest_route=\/wp\/v2\/posts"}],"about":[{"href":"https:\/\/wgphoto.pl\/t\/index.php?rest_route=\/wp\/v2\/types\/post"}],"author":[{"embeddable":true,"href":"https:\/\/wgphoto.pl\/t\/index.php?rest_route=\/wp\/v2\/users\/1"}],"replies":[{"embeddable":true,"href":"https:\/\/wgphoto.pl\/t\/index.php?rest_route=%2Fwp%2Fv2%2Fcomments&post=12924"}],"version-history":[{"count":1,"href":"https:\/\/wgphoto.pl\/t\/index.php?rest_route=\/wp\/v2\/posts\/12924\/revisions"}],"predecessor-version":[{"id":12926,"href":"https:\/\/wgphoto.pl\/t\/index.php?rest_route=\/wp\/v2\/posts\/12924\/revisions\/12926"}],"wp:featuredmedia":[{"embeddable":true,"href":"https:\/\/wgphoto.pl\/t\/index.php?rest_route=\/wp\/v2\/media\/12925"}],"wp:attachment":[{"href":"https:\/\/wgphoto.pl\/t\/index.php?rest_route=%2Fwp%2Fv2%2Fmedia&parent=12924"}],"wp:term":[{"taxonomy":"category","embeddable":true,"href":"https:\/\/wgphoto.pl\/t\/index.php?rest_route=%2Fwp%2Fv2%2Fcategories&post=12924"},{"taxonomy":"post_tag","embeddable":true,"href":"https:\/\/wgphoto.pl\/t\/index.php?rest_route=%2Fwp%2Fv2%2Ftags&post=12924"}],"curies":[{"name":"wp","href":"https:\/\/api.w.org\/{rel}","templated":true}]}}