{"id":12978,"date":"2025-02-24T18:13:38","date_gmt":"2025-02-24T17:13:38","guid":{"rendered":"https:\/\/wgphoto.pl\/t\/?p=12978"},"modified":"2025-02-24T18:13:38","modified_gmt":"2025-02-24T17:13:38","slug":"zlin-poranny","status":"publish","type":"post","link":"https:\/\/wgphoto.pl\/t\/?p=12978","title":{"rendered":"Zl\u00edn poranny"},"content":{"rendered":"\n<figure class=\"wp-block-image aligncenter size-full\"><img loading=\"lazy\" decoding=\"async\" width=\"1024\" height=\"683\" src=\"https:\/\/wgphoto.pl\/t\/wp-content\/uploads\/2025\/02\/imgp7337.jpg\" alt=\"\" class=\"wp-image-12979\" srcset=\"https:\/\/wgphoto.pl\/t\/wp-content\/uploads\/2025\/02\/imgp7337.jpg 1024w, https:\/\/wgphoto.pl\/t\/wp-content\/uploads\/2025\/02\/imgp7337-300x200.jpg 300w, https:\/\/wgphoto.pl\/t\/wp-content\/uploads\/2025\/02\/imgp7337-768x512.jpg 768w\" sizes=\"auto, (max-width: 1024px) 100vw, 1024px\" \/><\/figure>\n\n\n\n<div class=\"wp-block-group has-global-padding is-layout-constrained wp-block-group-is-layout-constrained\">\n<p>814\/914 063 jako poc. 14209 rel. Otrokovice &#8211; Vizovice w o\u015blepiaj\u0105cym \u015bwietle wschodz\u0105cego s\u0142o\u0144ca zatrzyma\u0142 si\u0119 na stacji Zl\u00edn-st\u0159ed. 20.07.2009<\/p>\n<\/div>\n","protected":false},"excerpt":{"rendered":"<p>814\/914 063 jako poc. 14209 rel. Otrokovice &#8211; Vizovice w o\u015blepiaj\u0105cym \u015bwietle wschodz\u0105cego s\u0142o\u0144ca zatrzyma\u0142 si\u0119 na stacji Zl\u00edn-st\u0159ed. 20.07.2009<\/p>\n","protected":false},"author":1,"featured_media":12979,"comment_status":"open","ping_status":"","sticky":false,"template":"","format":"standard","meta":{"footnotes":""},"categories":[2,169],"tags":[337,211,50,49,303,151,176,2084,2085],"class_list":["post-12978","post","type-post","status-publish","format-standard","has-post-thumbnail","hentry","category-kolej","category-rok-2009","tag-2009-07-20","tag-211","tag-cd","tag-czechy","tag-industrial","tag-ludzie","tag-rano","tag-tab-cz331","tag-zlin-stred"],"_links":{"self":[{"href":"https:\/\/wgphoto.pl\/t\/index.php?rest_route=\/wp\/v2\/posts\/12978","targetHints":{"allow":["GET"]}}],"collection":[{"href":"https:\/\/wgphoto.pl\/t\/index.php?rest_route=\/wp\/v2\/posts"}],"about":[{"href":"https:\/\/wgphoto.pl\/t\/index.php?rest_route=\/wp\/v2\/types\/post"}],"author":[{"embeddable":true,"href":"https:\/\/wgphoto.pl\/t\/index.php?rest_route=\/wp\/v2\/users\/1"}],"replies":[{"embeddable":true,"href":"https:\/\/wgphoto.pl\/t\/index.php?rest_route=%2Fwp%2Fv2%2Fcomments&post=12978"}],"version-history":[{"count":1,"href":"https:\/\/wgphoto.pl\/t\/index.php?rest_route=\/wp\/v2\/posts\/12978\/revisions"}],"predecessor-version":[{"id":12980,"href":"https:\/\/wgphoto.pl\/t\/index.php?rest_route=\/wp\/v2\/posts\/12978\/revisions\/12980"}],"wp:featuredmedia":[{"embeddable":true,"href":"https:\/\/wgphoto.pl\/t\/index.php?rest_route=\/wp\/v2\/media\/12979"}],"wp:attachment":[{"href":"https:\/\/wgphoto.pl\/t\/index.php?rest_route=%2Fwp%2Fv2%2Fmedia&parent=12978"}],"wp:term":[{"taxonomy":"category","embeddable":true,"href":"https:\/\/wgphoto.pl\/t\/index.php?rest_route=%2Fwp%2Fv2%2Fcategories&post=12978"},{"taxonomy":"post_tag","embeddable":true,"href":"https:\/\/wgphoto.pl\/t\/index.php?rest_route=%2Fwp%2Fv2%2Ftags&post=12978"}],"curies":[{"name":"wp","href":"https:\/\/api.w.org\/{rel}","templated":true}]}}