{"id":12981,"date":"2025-02-24T18:15:01","date_gmt":"2025-02-24T17:15:01","guid":{"rendered":"https:\/\/wgphoto.pl\/t\/?p=12981"},"modified":"2025-02-24T18:15:01","modified_gmt":"2025-02-24T17:15:01","slug":"zlin-wieczorny","status":"publish","type":"post","link":"https:\/\/wgphoto.pl\/t\/?p=12981","title":{"rendered":"Zl\u00edn wieczorny"},"content":{"rendered":"\n<figure class=\"wp-block-image aligncenter size-full\"><img loading=\"lazy\" decoding=\"async\" width=\"1200\" height=\"900\" src=\"https:\/\/wgphoto.pl\/t\/wp-content\/uploads\/2025\/02\/imgp7321.jpg\" alt=\"\" class=\"wp-image-12982\" srcset=\"https:\/\/wgphoto.pl\/t\/wp-content\/uploads\/2025\/02\/imgp7321.jpg 1200w, https:\/\/wgphoto.pl\/t\/wp-content\/uploads\/2025\/02\/imgp7321-300x225.jpg 300w, https:\/\/wgphoto.pl\/t\/wp-content\/uploads\/2025\/02\/imgp7321-768x576.jpg 768w\" sizes=\"auto, (max-width: 1200px) 100vw, 1200px\" \/><\/figure>\n\n\n\n<div class=\"wp-block-group has-global-padding is-layout-constrained wp-block-group-is-layout-constrained\">\n<p>Zl\u00edn-st\u0159ed. Nurek 754 044-6 przyprowadzi\u0142 do stacji ko\u0144cowej poci\u0105g ekspresowy 523 z Pragi. Obok na odjazd oczekuje poci\u0105g osobowy relacji Vizovice &#8211; Otrokovice, prezentuj\u0105cy dzi\u015b ju\u017c niespotykane zestawienie 810+2&#215;010 (ca\u0142o\u015b\u0107 ruchu osobowego przej\u0119\u0142y regionovy). 2009-07-19<\/p>\n<\/div>\n","protected":false},"excerpt":{"rendered":"<p>Zl\u00edn-st\u0159ed. Nurek 754 044-6 przyprowadzi\u0142 do stacji ko\u0144cowej poci\u0105g ekspresowy 523 z Pragi. Obok na odjazd oczekuje poci\u0105g osobowy relacji Vizovice &#8211; Otrokovice, prezentuj\u0105cy dzi\u015b ju\u017c niespotykane zestawienie 810+2&#215;010 (ca\u0142o\u015b\u0107 ruchu osobowego przej\u0119\u0142y regionovy). 2009-07-19<\/p>\n","protected":false},"author":1,"featured_media":12982,"comment_status":"open","ping_status":"","sticky":false,"template":"","format":"standard","meta":{"footnotes":""},"categories":[2,169],"tags":[1146,335,50,49,303,2084,90,2085],"class_list":["post-12981","post","type-post","status-publish","format-standard","has-post-thumbnail","hentry","category-kolej","category-rok-2009","tag-2009-07-19","tag-335","tag-cd","tag-czechy","tag-industrial","tag-tab-cz331","tag-wieczorem","tag-zlin-stred"],"_links":{"self":[{"href":"https:\/\/wgphoto.pl\/t\/index.php?rest_route=\/wp\/v2\/posts\/12981","targetHints":{"allow":["GET"]}}],"collection":[{"href":"https:\/\/wgphoto.pl\/t\/index.php?rest_route=\/wp\/v2\/posts"}],"about":[{"href":"https:\/\/wgphoto.pl\/t\/index.php?rest_route=\/wp\/v2\/types\/post"}],"author":[{"embeddable":true,"href":"https:\/\/wgphoto.pl\/t\/index.php?rest_route=\/wp\/v2\/users\/1"}],"replies":[{"embeddable":true,"href":"https:\/\/wgphoto.pl\/t\/index.php?rest_route=%2Fwp%2Fv2%2Fcomments&post=12981"}],"version-history":[{"count":1,"href":"https:\/\/wgphoto.pl\/t\/index.php?rest_route=\/wp\/v2\/posts\/12981\/revisions"}],"predecessor-version":[{"id":12983,"href":"https:\/\/wgphoto.pl\/t\/index.php?rest_route=\/wp\/v2\/posts\/12981\/revisions\/12983"}],"wp:featuredmedia":[{"embeddable":true,"href":"https:\/\/wgphoto.pl\/t\/index.php?rest_route=\/wp\/v2\/media\/12982"}],"wp:attachment":[{"href":"https:\/\/wgphoto.pl\/t\/index.php?rest_route=%2Fwp%2Fv2%2Fmedia&parent=12981"}],"wp:term":[{"taxonomy":"category","embeddable":true,"href":"https:\/\/wgphoto.pl\/t\/index.php?rest_route=%2Fwp%2Fv2%2Fcategories&post=12981"},{"taxonomy":"post_tag","embeddable":true,"href":"https:\/\/wgphoto.pl\/t\/index.php?rest_route=%2Fwp%2Fv2%2Ftags&post=12981"}],"curies":[{"name":"wp","href":"https:\/\/api.w.org\/{rel}","templated":true}]}}