{"id":12984,"date":"2025-02-24T18:17:18","date_gmt":"2025-02-24T17:17:18","guid":{"rendered":"https:\/\/wgphoto.pl\/t\/?p=12984"},"modified":"2025-02-24T18:17:18","modified_gmt":"2025-02-24T17:17:18","slug":"kamienice-i-gory","status":"publish","type":"post","link":"https:\/\/wgphoto.pl\/t\/?p=12984","title":{"rendered":"Kamienice i g\u00f3ry"},"content":{"rendered":"\n<figure class=\"wp-block-image aligncenter size-full\"><img loading=\"lazy\" decoding=\"async\" width=\"1024\" height=\"681\" src=\"https:\/\/wgphoto.pl\/t\/wp-content\/uploads\/2025\/02\/imgp3549.jpg\" alt=\"\" class=\"wp-image-12985\" srcset=\"https:\/\/wgphoto.pl\/t\/wp-content\/uploads\/2025\/02\/imgp3549.jpg 1024w, https:\/\/wgphoto.pl\/t\/wp-content\/uploads\/2025\/02\/imgp3549-300x200.jpg 300w, https:\/\/wgphoto.pl\/t\/wp-content\/uploads\/2025\/02\/imgp3549-768x511.jpg 768w\" sizes=\"auto, (max-width: 1024px) 100vw, 1024px\" \/><\/figure>\n\n\n\n<div class=\"wp-block-group has-global-padding is-layout-constrained wp-block-group-is-layout-constrained\">\n<p>Sarajewo, ulica Mula Mustafe Ba\u0161eskije. Wschodni kraniec tutejszej sieci stanowi sporych rozmiar\u00f3w p\u0119tl\u0119 w formie kryterium, poprowadzon\u0105 jednokierunkowymi ulicami wok\u00f3\u0142 starego miasta. W tle widoczne s\u0105 peryferia, rozci\u0105gaj\u0105ce si\u0119 na zboczach g\u00f3r okalaj\u0105cych miasto. 24.08.2011<\/p>\n<\/div>\n","protected":false},"excerpt":{"rendered":"<p>Sarajewo, ulica Mula Mustafe Ba\u0161eskije. Wschodni kraniec tutejszej sieci stanowi sporych rozmiar\u00f3w p\u0119tl\u0119 w formie kryterium, poprowadzon\u0105 jednokierunkowymi ulicami wok\u00f3\u0142 starego miasta. W tle widoczne s\u0105 peryferia, rozci\u0105gaj\u0105ce si\u0119 na zboczach g\u00f3r okalaj\u0105cych miasto. 24.08.2011<\/p>\n","protected":false},"author":1,"featured_media":12985,"comment_status":"open","ping_status":"","sticky":false,"template":"","format":"standard","meta":{"footnotes":""},"categories":[77,3],"tags":[450,447,1522,448,181,994],"class_list":["post-12984","post","type-post","status-publish","format-standard","has-post-thumbnail","hentry","category-rok-2011","category-tramwaj","tag-2011-08-24","tag-bosnia-i-hercegowina","tag-gras-sarajevo","tag-sarajewo","tag-slonce","tag-tatra-k2"],"_links":{"self":[{"href":"https:\/\/wgphoto.pl\/t\/index.php?rest_route=\/wp\/v2\/posts\/12984","targetHints":{"allow":["GET"]}}],"collection":[{"href":"https:\/\/wgphoto.pl\/t\/index.php?rest_route=\/wp\/v2\/posts"}],"about":[{"href":"https:\/\/wgphoto.pl\/t\/index.php?rest_route=\/wp\/v2\/types\/post"}],"author":[{"embeddable":true,"href":"https:\/\/wgphoto.pl\/t\/index.php?rest_route=\/wp\/v2\/users\/1"}],"replies":[{"embeddable":true,"href":"https:\/\/wgphoto.pl\/t\/index.php?rest_route=%2Fwp%2Fv2%2Fcomments&post=12984"}],"version-history":[{"count":1,"href":"https:\/\/wgphoto.pl\/t\/index.php?rest_route=\/wp\/v2\/posts\/12984\/revisions"}],"predecessor-version":[{"id":12986,"href":"https:\/\/wgphoto.pl\/t\/index.php?rest_route=\/wp\/v2\/posts\/12984\/revisions\/12986"}],"wp:featuredmedia":[{"embeddable":true,"href":"https:\/\/wgphoto.pl\/t\/index.php?rest_route=\/wp\/v2\/media\/12985"}],"wp:attachment":[{"href":"https:\/\/wgphoto.pl\/t\/index.php?rest_route=%2Fwp%2Fv2%2Fmedia&parent=12984"}],"wp:term":[{"taxonomy":"category","embeddable":true,"href":"https:\/\/wgphoto.pl\/t\/index.php?rest_route=%2Fwp%2Fv2%2Fcategories&post=12984"},{"taxonomy":"post_tag","embeddable":true,"href":"https:\/\/wgphoto.pl\/t\/index.php?rest_route=%2Fwp%2Fv2%2Ftags&post=12984"}],"curies":[{"name":"wp","href":"https:\/\/api.w.org\/{rel}","templated":true}]}}