{"id":13015,"date":"2025-02-28T18:03:30","date_gmt":"2025-02-28T17:03:30","guid":{"rendered":"https:\/\/wgphoto.pl\/t\/?p=13015"},"modified":"2025-02-28T18:03:30","modified_gmt":"2025-02-28T17:03:30","slug":"uniwersytet","status":"publish","type":"post","link":"https:\/\/wgphoto.pl\/t\/?p=13015","title":{"rendered":"Uniwersytet"},"content":{"rendered":"\n<figure class=\"wp-block-image aligncenter size-full\"><img loading=\"lazy\" decoding=\"async\" width=\"900\" height=\"600\" src=\"https:\/\/wgphoto.pl\/t\/wp-content\/uploads\/2025\/02\/imgp5722.jpg\" alt=\"\" class=\"wp-image-13016\" srcset=\"https:\/\/wgphoto.pl\/t\/wp-content\/uploads\/2025\/02\/imgp5722.jpg 900w, https:\/\/wgphoto.pl\/t\/wp-content\/uploads\/2025\/02\/imgp5722-300x200.jpg 300w, https:\/\/wgphoto.pl\/t\/wp-content\/uploads\/2025\/02\/imgp5722-768x512.jpg 768w\" sizes=\"auto, (max-width: 900px) 100vw, 900px\" \/><\/figure>\n\n\n\n<div class=\"wp-block-group has-global-padding is-layout-constrained wp-block-group-is-layout-constrained\">\n<p>C20 2168, Universitetet. Tutaj skalne \u015bciany pokryte s\u0105 tylko szarym betonem, za to funkcj\u0119 estetyczn\u0105 spe\u0142niaj\u0105 mozaiki: 12 tematycznych wzd\u0142u\u017c \u015bcian na peronach (ka\u017cda z zakresu innej z nauk uniwersyteckich) oraz kompozycja pt. Prawa cz\u0142owieka na \u015bcianach wzd\u0142u\u017c tor\u00f3w. 2011-12-07<\/p>\n<\/div>\n","protected":false},"excerpt":{"rendered":"<p>C20 2168, Universitetet. Tutaj skalne \u015bciany pokryte s\u0105 tylko szarym betonem, za to funkcj\u0119 estetyczn\u0105 spe\u0142niaj\u0105 mozaiki: 12 tematycznych wzd\u0142u\u017c \u015bcian na peronach (ka\u017cda z zakresu innej z nauk uniwersyteckich) oraz kompozycja pt. Prawa cz\u0142owieka na \u015bcianach wzd\u0142u\u017c tor\u00f3w. 2011-12-07<\/p>\n","protected":false},"author":1,"featured_media":13016,"comment_status":"open","ping_status":"","sticky":false,"template":"","format":"standard","meta":{"footnotes":""},"categories":[4,77],"tags":[1128,1129,173,682,719,1127,686,685,15],"class_list":["post-13015","post","type-post","status-publish","format-standard","has-post-thumbnail","hentry","category-metro","category-rok-2011","tag-2011-12-07","tag-c20","tag-koncowki","tag-sl-stockholm","tag-stacje-sztokholmskiego-metra","tag-stockholms-tunnelbana","tag-sztokholm","tag-szwecja","tag-tunel"],"_links":{"self":[{"href":"https:\/\/wgphoto.pl\/t\/index.php?rest_route=\/wp\/v2\/posts\/13015","targetHints":{"allow":["GET"]}}],"collection":[{"href":"https:\/\/wgphoto.pl\/t\/index.php?rest_route=\/wp\/v2\/posts"}],"about":[{"href":"https:\/\/wgphoto.pl\/t\/index.php?rest_route=\/wp\/v2\/types\/post"}],"author":[{"embeddable":true,"href":"https:\/\/wgphoto.pl\/t\/index.php?rest_route=\/wp\/v2\/users\/1"}],"replies":[{"embeddable":true,"href":"https:\/\/wgphoto.pl\/t\/index.php?rest_route=%2Fwp%2Fv2%2Fcomments&post=13015"}],"version-history":[{"count":1,"href":"https:\/\/wgphoto.pl\/t\/index.php?rest_route=\/wp\/v2\/posts\/13015\/revisions"}],"predecessor-version":[{"id":13017,"href":"https:\/\/wgphoto.pl\/t\/index.php?rest_route=\/wp\/v2\/posts\/13015\/revisions\/13017"}],"wp:featuredmedia":[{"embeddable":true,"href":"https:\/\/wgphoto.pl\/t\/index.php?rest_route=\/wp\/v2\/media\/13016"}],"wp:attachment":[{"href":"https:\/\/wgphoto.pl\/t\/index.php?rest_route=%2Fwp%2Fv2%2Fmedia&parent=13015"}],"wp:term":[{"taxonomy":"category","embeddable":true,"href":"https:\/\/wgphoto.pl\/t\/index.php?rest_route=%2Fwp%2Fv2%2Fcategories&post=13015"},{"taxonomy":"post_tag","embeddable":true,"href":"https:\/\/wgphoto.pl\/t\/index.php?rest_route=%2Fwp%2Fv2%2Ftags&post=13015"}],"curies":[{"name":"wp","href":"https:\/\/api.w.org\/{rel}","templated":true}]}}