{"id":13057,"date":"2025-02-28T18:17:51","date_gmt":"2025-02-28T17:17:51","guid":{"rendered":"https:\/\/wgphoto.pl\/t\/?p=13057"},"modified":"2025-02-28T18:17:51","modified_gmt":"2025-02-28T17:17:51","slug":"setna-stacja","status":"publish","type":"post","link":"https:\/\/wgphoto.pl\/t\/?p=13057","title":{"rendered":"Setna stacja"},"content":{"rendered":"\n<figure class=\"wp-block-image aligncenter size-full\"><img loading=\"lazy\" decoding=\"async\" width=\"1300\" height=\"870\" src=\"https:\/\/wgphoto.pl\/t\/wp-content\/uploads\/2025\/02\/imgp5957.jpg\" alt=\"\" class=\"wp-image-13058\" srcset=\"https:\/\/wgphoto.pl\/t\/wp-content\/uploads\/2025\/02\/imgp5957.jpg 1300w, https:\/\/wgphoto.pl\/t\/wp-content\/uploads\/2025\/02\/imgp5957-300x201.jpg 300w, https:\/\/wgphoto.pl\/t\/wp-content\/uploads\/2025\/02\/imgp5957-768x514.jpg 768w\" sizes=\"auto, (max-width: 1300px) 100vw, 1300px\" \/><\/figure>\n\n\n\n<div class=\"wp-block-group has-global-padding is-layout-constrained wp-block-group-is-layout-constrained\">\n<p>C20 nr 2004 odje\u017cd\u017ca ze stacji Skarpn\u00e4ck, otwartej w 1994 roku jako setnej i jak dotychczas ostatniej w sztokholmskim metrze. 2011-12-08<\/p>\n<\/div>\n","protected":false},"excerpt":{"rendered":"<p>C20 nr 2004 odje\u017cd\u017ca ze stacji Skarpn\u00e4ck, otwartej w 1994 roku jako setnej i jak dotychczas ostatniej w sztokholmskim metrze. 2011-12-08<\/p>\n","protected":false},"author":1,"featured_media":13058,"comment_status":"open","ping_status":"","sticky":false,"template":"","format":"standard","meta":{"footnotes":""},"categories":[4,77],"tags":[1130,1129,173,682,719,1127,686,685,15],"class_list":["post-13057","post","type-post","status-publish","format-standard","has-post-thumbnail","hentry","category-metro","category-rok-2011","tag-2011-12-08","tag-c20","tag-koncowki","tag-sl-stockholm","tag-stacje-sztokholmskiego-metra","tag-stockholms-tunnelbana","tag-sztokholm","tag-szwecja","tag-tunel"],"_links":{"self":[{"href":"https:\/\/wgphoto.pl\/t\/index.php?rest_route=\/wp\/v2\/posts\/13057","targetHints":{"allow":["GET"]}}],"collection":[{"href":"https:\/\/wgphoto.pl\/t\/index.php?rest_route=\/wp\/v2\/posts"}],"about":[{"href":"https:\/\/wgphoto.pl\/t\/index.php?rest_route=\/wp\/v2\/types\/post"}],"author":[{"embeddable":true,"href":"https:\/\/wgphoto.pl\/t\/index.php?rest_route=\/wp\/v2\/users\/1"}],"replies":[{"embeddable":true,"href":"https:\/\/wgphoto.pl\/t\/index.php?rest_route=%2Fwp%2Fv2%2Fcomments&post=13057"}],"version-history":[{"count":1,"href":"https:\/\/wgphoto.pl\/t\/index.php?rest_route=\/wp\/v2\/posts\/13057\/revisions"}],"predecessor-version":[{"id":13059,"href":"https:\/\/wgphoto.pl\/t\/index.php?rest_route=\/wp\/v2\/posts\/13057\/revisions\/13059"}],"wp:featuredmedia":[{"embeddable":true,"href":"https:\/\/wgphoto.pl\/t\/index.php?rest_route=\/wp\/v2\/media\/13058"}],"wp:attachment":[{"href":"https:\/\/wgphoto.pl\/t\/index.php?rest_route=%2Fwp%2Fv2%2Fmedia&parent=13057"}],"wp:term":[{"taxonomy":"category","embeddable":true,"href":"https:\/\/wgphoto.pl\/t\/index.php?rest_route=%2Fwp%2Fv2%2Fcategories&post=13057"},{"taxonomy":"post_tag","embeddable":true,"href":"https:\/\/wgphoto.pl\/t\/index.php?rest_route=%2Fwp%2Fv2%2Ftags&post=13057"}],"curies":[{"name":"wp","href":"https:\/\/api.w.org\/{rel}","templated":true}]}}