{"id":1306,"date":"2024-10-03T16:51:50","date_gmt":"2024-10-03T14:51:50","guid":{"rendered":"https:\/\/wgphoto.pl\/t\/?p=1306"},"modified":"2024-10-03T16:51:50","modified_gmt":"2024-10-03T14:51:50","slug":"dzis-na-gotyk-nikt-nie-patrzy","status":"publish","type":"post","link":"https:\/\/wgphoto.pl\/t\/?p=1306","title":{"rendered":"Dzi\u015b na gotyk nikt nie patrzy"},"content":{"rendered":"\n<figure class=\"wp-block-image aligncenter size-full\"><img loading=\"lazy\" decoding=\"async\" width=\"1200\" height=\"800\" src=\"https:\/\/wgphoto.pl\/t\/wp-content\/uploads\/2024\/10\/IMGP2195.jpg\" alt=\"\" class=\"wp-image-1307\" srcset=\"https:\/\/wgphoto.pl\/t\/wp-content\/uploads\/2024\/10\/IMGP2195.jpg 1200w, https:\/\/wgphoto.pl\/t\/wp-content\/uploads\/2024\/10\/IMGP2195-300x200.jpg 300w, https:\/\/wgphoto.pl\/t\/wp-content\/uploads\/2024\/10\/IMGP2195-768x512.jpg 768w\" sizes=\"auto, (max-width: 1200px) 100vw, 1200px\" \/><\/figure>\n\n\n\n<div class=\"wp-block-group has-global-padding is-layout-constrained wp-block-group-is-layout-constrained\">\n<p>Tramwaj odje\u017cd\u017ca na bateriach spod Katedry Naj\u015bwi\u0119tszej Marii Panny w Sewilli &#8211; najwi\u0119kszego gotyckiego ko\u015bcio\u0142a \u015bwiata. Zazwyczaj kr\u0119c\u0105 si\u0119 tu t\u0142umy turyst\u00f3w, ale nie w tak\u0105 pogod\u0119. 18.11.2018<\/p>\n<\/div>\n","protected":false},"excerpt":{"rendered":"<p>Tramwaj odje\u017cd\u017ca na bateriach spod Katedry Naj\u015bwi\u0119tszej Marii Panny w Sewilli &#8211; najwi\u0119kszego gotyckiego ko\u015bcio\u0142a \u015bwiata. Zazwyczaj kr\u0119c\u0105 si\u0119 tu t\u0142umy turyst\u00f3w, ale nie w tak\u0105 pogod\u0119. 18.11.2018<\/p>\n","protected":false},"author":1,"featured_media":1307,"comment_status":"open","ping_status":"","sticky":false,"template":"","format":"standard","meta":{"footnotes":""},"categories":[156,3],"tags":[624,34,157,239,13,159,160,622,623],"class_list":["post-1306","post","type-post","status-publish","format-standard","has-post-thumbnail","hentry","category-rok-2018","category-tramwaj","tag-2018-11-18","tag-architektura","tag-caf-urbos","tag-deptak","tag-deszcz","tag-hiszpania","tag-hiszpania-2018","tag-sewilla","tag-tussam-sevilla"],"_links":{"self":[{"href":"https:\/\/wgphoto.pl\/t\/index.php?rest_route=\/wp\/v2\/posts\/1306","targetHints":{"allow":["GET"]}}],"collection":[{"href":"https:\/\/wgphoto.pl\/t\/index.php?rest_route=\/wp\/v2\/posts"}],"about":[{"href":"https:\/\/wgphoto.pl\/t\/index.php?rest_route=\/wp\/v2\/types\/post"}],"author":[{"embeddable":true,"href":"https:\/\/wgphoto.pl\/t\/index.php?rest_route=\/wp\/v2\/users\/1"}],"replies":[{"embeddable":true,"href":"https:\/\/wgphoto.pl\/t\/index.php?rest_route=%2Fwp%2Fv2%2Fcomments&post=1306"}],"version-history":[{"count":1,"href":"https:\/\/wgphoto.pl\/t\/index.php?rest_route=\/wp\/v2\/posts\/1306\/revisions"}],"predecessor-version":[{"id":1308,"href":"https:\/\/wgphoto.pl\/t\/index.php?rest_route=\/wp\/v2\/posts\/1306\/revisions\/1308"}],"wp:featuredmedia":[{"embeddable":true,"href":"https:\/\/wgphoto.pl\/t\/index.php?rest_route=\/wp\/v2\/media\/1307"}],"wp:attachment":[{"href":"https:\/\/wgphoto.pl\/t\/index.php?rest_route=%2Fwp%2Fv2%2Fmedia&parent=1306"}],"wp:term":[{"taxonomy":"category","embeddable":true,"href":"https:\/\/wgphoto.pl\/t\/index.php?rest_route=%2Fwp%2Fv2%2Fcategories&post=1306"},{"taxonomy":"post_tag","embeddable":true,"href":"https:\/\/wgphoto.pl\/t\/index.php?rest_route=%2Fwp%2Fv2%2Ftags&post=1306"}],"curies":[{"name":"wp","href":"https:\/\/api.w.org\/{rel}","templated":true}]}}