{"id":13063,"date":"2025-02-28T18:20:33","date_gmt":"2025-02-28T17:20:33","guid":{"rendered":"https:\/\/wgphoto.pl\/t\/?p=13063"},"modified":"2025-02-28T18:20:33","modified_gmt":"2025-02-28T17:20:33","slug":"gotha-w-lesie","status":"publish","type":"post","link":"https:\/\/wgphoto.pl\/t\/?p=13063","title":{"rendered":"Gotha w lesie"},"content":{"rendered":"\n<figure class=\"wp-block-image aligncenter size-full\"><img loading=\"lazy\" decoding=\"async\" width=\"1024\" height=\"683\" src=\"https:\/\/wgphoto.pl\/t\/wp-content\/uploads\/2025\/02\/imgp3159.jpg\" alt=\"\" class=\"wp-image-13064\" srcset=\"https:\/\/wgphoto.pl\/t\/wp-content\/uploads\/2025\/02\/imgp3159.jpg 1024w, https:\/\/wgphoto.pl\/t\/wp-content\/uploads\/2025\/02\/imgp3159-300x200.jpg 300w, https:\/\/wgphoto.pl\/t\/wp-content\/uploads\/2025\/02\/imgp3159-768x512.jpg 768w\" sizes=\"auto, (max-width: 1024px) 100vw, 1024px\" \/><\/figure>\n\n\n\n<div class=\"wp-block-group has-global-padding is-layout-constrained wp-block-group-is-layout-constrained\">\n<p>Do\u015b\u0107 wiekowy wagon 32 (rocznik 1961) pomyka przez las mi\u0119dzy przystankiem pocz\u0105tkowym zlokalizowanym na rogatkach Berlina, gdzie mo\u017cna z\u0142apa\u0107 S-bahn do miasta, a Woltersdorfem, kt\u00f3rego mieszka\u0144com owa dowoz\u00f3wka s\u0142u\u017cy. 2013-04-30<\/p>\n<\/div>\n","protected":false},"excerpt":{"rendered":"<p>Do\u015b\u0107 wiekowy wagon 32 (rocznik 1961) pomyka przez las mi\u0119dzy przystankiem pocz\u0105tkowym zlokalizowanym na rogatkach Berlina, gdzie mo\u017cna z\u0142apa\u0107 S-bahn do miasta, a Woltersdorfem, kt\u00f3rego mieszka\u0144com owa dowoz\u00f3wka s\u0142u\u017cy. 2013-04-30<\/p>\n","protected":false},"author":1,"featured_media":13064,"comment_status":"open","ping_status":"","sticky":false,"template":"","format":"standard","meta":{"footnotes":""},"categories":[55,3],"tags":[642,2150,640,23,561,2148],"class_list":["post-13063","post","type-post","status-publish","format-standard","has-post-thumbnail","hentry","category-rok-2013","category-tramwaj","tag-2013-04-30","tag-gotha-t57","tag-majowka-2013","tag-niemcy","tag-tramwaj-podmiejski","tag-woltersdorf"],"_links":{"self":[{"href":"https:\/\/wgphoto.pl\/t\/index.php?rest_route=\/wp\/v2\/posts\/13063","targetHints":{"allow":["GET"]}}],"collection":[{"href":"https:\/\/wgphoto.pl\/t\/index.php?rest_route=\/wp\/v2\/posts"}],"about":[{"href":"https:\/\/wgphoto.pl\/t\/index.php?rest_route=\/wp\/v2\/types\/post"}],"author":[{"embeddable":true,"href":"https:\/\/wgphoto.pl\/t\/index.php?rest_route=\/wp\/v2\/users\/1"}],"replies":[{"embeddable":true,"href":"https:\/\/wgphoto.pl\/t\/index.php?rest_route=%2Fwp%2Fv2%2Fcomments&post=13063"}],"version-history":[{"count":1,"href":"https:\/\/wgphoto.pl\/t\/index.php?rest_route=\/wp\/v2\/posts\/13063\/revisions"}],"predecessor-version":[{"id":13065,"href":"https:\/\/wgphoto.pl\/t\/index.php?rest_route=\/wp\/v2\/posts\/13063\/revisions\/13065"}],"wp:featuredmedia":[{"embeddable":true,"href":"https:\/\/wgphoto.pl\/t\/index.php?rest_route=\/wp\/v2\/media\/13064"}],"wp:attachment":[{"href":"https:\/\/wgphoto.pl\/t\/index.php?rest_route=%2Fwp%2Fv2%2Fmedia&parent=13063"}],"wp:term":[{"taxonomy":"category","embeddable":true,"href":"https:\/\/wgphoto.pl\/t\/index.php?rest_route=%2Fwp%2Fv2%2Fcategories&post=13063"},{"taxonomy":"post_tag","embeddable":true,"href":"https:\/\/wgphoto.pl\/t\/index.php?rest_route=%2Fwp%2Fv2%2Ftags&post=13063"}],"curies":[{"name":"wp","href":"https:\/\/api.w.org\/{rel}","templated":true}]}}