{"id":13084,"date":"2025-02-28T18:30:19","date_gmt":"2025-02-28T17:30:19","guid":{"rendered":"https:\/\/wgphoto.pl\/t\/?p=13084"},"modified":"2025-02-28T18:30:19","modified_gmt":"2025-02-28T17:30:19","slug":"powiew-nowoczesnosci","status":"publish","type":"post","link":"https:\/\/wgphoto.pl\/t\/?p=13084","title":{"rendered":"Powiew nowoczesno\u015bci"},"content":{"rendered":"\n<figure class=\"wp-block-image aligncenter size-full\"><img loading=\"lazy\" decoding=\"async\" width=\"1024\" height=\"685\" src=\"https:\/\/wgphoto.pl\/t\/wp-content\/uploads\/2025\/02\/imgp7510.jpg\" alt=\"\" class=\"wp-image-13085\" srcset=\"https:\/\/wgphoto.pl\/t\/wp-content\/uploads\/2025\/02\/imgp7510.jpg 1024w, https:\/\/wgphoto.pl\/t\/wp-content\/uploads\/2025\/02\/imgp7510-300x201.jpg 300w, https:\/\/wgphoto.pl\/t\/wp-content\/uploads\/2025\/02\/imgp7510-768x514.jpg 768w\" sizes=\"auto, (max-width: 1024px) 100vw, 1024px\" \/><\/figure>\n\n\n\n<div class=\"wp-block-group has-global-padding is-layout-constrained wp-block-group-is-layout-constrained\">\n<p>Lizbona, Pra\u00e7a do Com\u00e9rcio. Jedyn\u0105 &#8222;normaln\u0105&#8221; linia tramwajow\u0105 w Lizbonie jest pi\u0119tnastka, obs\u0142ugiwana w ca\u0142o\u015bci takimi oto niskopod\u0142ogowymi pojazdami i \u0142\u0105cz\u0105ca samo centrum miasta z Alg\u00e9s. Z uwagi na mniejszo\u015bciowy udzia\u0142 w ca\u0142ym systemie, przystosowanym cho\u0107by pod k\u0105tem budowy sieci trakcyjnej do u\u017cytkowania odbierak\u00f3w rolkowych, nowoczesne (konkretniej: w chwili wykonania zdj\u0119cia &#8211; ju\u017c pi\u0119tnastoletnie) pojazdy mog\u0105 kursowa\u0107 tylko po wyznaczonych trasach. Takie obostrzenia wymusza zreszt\u0105 przypuszczalnie tak\u017ce geometria i skrajnia tras w \u015bcis\u0142ym centrum. 07.09.2010<\/p>\n<\/div>\n","protected":false},"excerpt":{"rendered":"<p>Lizbona, Pra\u00e7a do Com\u00e9rcio. Jedyn\u0105 &#8222;normaln\u0105&#8221; linia tramwajow\u0105 w Lizbonie jest pi\u0119tnastka, obs\u0142ugiwana w ca\u0142o\u015bci takimi oto niskopod\u0142ogowymi pojazdami i \u0142\u0105cz\u0105ca samo centrum miasta z Alg\u00e9s. Z uwagi na mniejszo\u015bciowy udzia\u0142 w ca\u0142ym systemie, przystosowanym cho\u0107by pod k\u0105tem budowy sieci trakcyjnej do u\u017cytkowania odbierak\u00f3w rolkowych, nowoczesne (konkretniej: w chwili wykonania zdj\u0119cia &#8211; ju\u017c pi\u0119tnastoletnie) pojazdy [&hellip;]<\/p>\n","protected":false},"author":1,"featured_media":13085,"comment_status":"open","ping_status":"","sticky":false,"template":"","format":"standard","meta":{"footnotes":""},"categories":[86,3],"tags":[1430,34,299,298,297],"class_list":["post-13084","post","type-post","status-publish","format-standard","has-post-thumbnail","hentry","category-rok-2010","category-tramwaj","tag-2010-09-07","tag-architektura","tag-carris-lisboa","tag-lizbona","tag-portugalia"],"_links":{"self":[{"href":"https:\/\/wgphoto.pl\/t\/index.php?rest_route=\/wp\/v2\/posts\/13084","targetHints":{"allow":["GET"]}}],"collection":[{"href":"https:\/\/wgphoto.pl\/t\/index.php?rest_route=\/wp\/v2\/posts"}],"about":[{"href":"https:\/\/wgphoto.pl\/t\/index.php?rest_route=\/wp\/v2\/types\/post"}],"author":[{"embeddable":true,"href":"https:\/\/wgphoto.pl\/t\/index.php?rest_route=\/wp\/v2\/users\/1"}],"replies":[{"embeddable":true,"href":"https:\/\/wgphoto.pl\/t\/index.php?rest_route=%2Fwp%2Fv2%2Fcomments&post=13084"}],"version-history":[{"count":1,"href":"https:\/\/wgphoto.pl\/t\/index.php?rest_route=\/wp\/v2\/posts\/13084\/revisions"}],"predecessor-version":[{"id":13086,"href":"https:\/\/wgphoto.pl\/t\/index.php?rest_route=\/wp\/v2\/posts\/13084\/revisions\/13086"}],"wp:featuredmedia":[{"embeddable":true,"href":"https:\/\/wgphoto.pl\/t\/index.php?rest_route=\/wp\/v2\/media\/13085"}],"wp:attachment":[{"href":"https:\/\/wgphoto.pl\/t\/index.php?rest_route=%2Fwp%2Fv2%2Fmedia&parent=13084"}],"wp:term":[{"taxonomy":"category","embeddable":true,"href":"https:\/\/wgphoto.pl\/t\/index.php?rest_route=%2Fwp%2Fv2%2Fcategories&post=13084"},{"taxonomy":"post_tag","embeddable":true,"href":"https:\/\/wgphoto.pl\/t\/index.php?rest_route=%2Fwp%2Fv2%2Ftags&post=13084"}],"curies":[{"name":"wp","href":"https:\/\/api.w.org\/{rel}","templated":true}]}}