{"id":13087,"date":"2025-02-28T18:31:15","date_gmt":"2025-02-28T17:31:15","guid":{"rendered":"https:\/\/wgphoto.pl\/t\/?p=13087"},"modified":"2025-02-28T18:31:15","modified_gmt":"2025-02-28T17:31:15","slug":"luk-triumfalny-1","status":"publish","type":"post","link":"https:\/\/wgphoto.pl\/t\/?p=13087","title":{"rendered":"\u0141uk triumfalny (1)"},"content":{"rendered":"\n<figure class=\"wp-block-image aligncenter size-full\"><img loading=\"lazy\" decoding=\"async\" width=\"600\" height=\"900\" src=\"https:\/\/wgphoto.pl\/t\/wp-content\/uploads\/2025\/02\/imgp7606.jpg\" alt=\"\" class=\"wp-image-13088\" srcset=\"https:\/\/wgphoto.pl\/t\/wp-content\/uploads\/2025\/02\/imgp7606.jpg 600w, https:\/\/wgphoto.pl\/t\/wp-content\/uploads\/2025\/02\/imgp7606-200x300.jpg 200w\" sizes=\"auto, (max-width: 600px) 100vw, 600px\" \/><\/figure>\n\n\n\n<div class=\"wp-block-group has-global-padding is-layout-constrained wp-block-group-is-layout-constrained\">\n<p>Pra\u00e7a do Com\u00e9rcio jest g\u0142\u00f3wnym placem Lizbony, co stwarza pewne trudno\u015bci w fotografowaniu w tym miejscu z dalszej perspektywy bez ludzi zas\u0142aniaj\u0105cych obiekty b\u0119d\u0105ce przedmiotem zdj\u0119cia. A obiektem takim nie jest tu bynajmniej \u0142uk triumfalny. \ud83d\ude09 2010-09-08<\/p>\n<\/div>\n\n\n\n<p><\/p>\n","protected":false},"excerpt":{"rendered":"<p>Pra\u00e7a do Com\u00e9rcio jest g\u0142\u00f3wnym placem Lizbony, co stwarza pewne trudno\u015bci w fotografowaniu w tym miejscu z dalszej perspektywy bez ludzi zas\u0142aniaj\u0105cych obiekty b\u0119d\u0105ce przedmiotem zdj\u0119cia. A obiektem takim nie jest tu bynajmniej \u0142uk triumfalny. \ud83d\ude09 2010-09-08<\/p>\n","protected":false},"author":1,"featured_media":13088,"comment_status":"open","ping_status":"","sticky":false,"template":"","format":"standard","meta":{"footnotes":""},"categories":[128,86,3],"tags":[1431,34,299,298,151,297,588],"class_list":["post-13087","post","type-post","status-publish","format-standard","has-post-thumbnail","hentry","category-pionowe","category-rok-2010","category-tramwaj","tag-2010-09-08","tag-architektura","tag-carris-lisboa","tag-lizbona","tag-ludzie","tag-portugalia","tag-remodelado"],"_links":{"self":[{"href":"https:\/\/wgphoto.pl\/t\/index.php?rest_route=\/wp\/v2\/posts\/13087","targetHints":{"allow":["GET"]}}],"collection":[{"href":"https:\/\/wgphoto.pl\/t\/index.php?rest_route=\/wp\/v2\/posts"}],"about":[{"href":"https:\/\/wgphoto.pl\/t\/index.php?rest_route=\/wp\/v2\/types\/post"}],"author":[{"embeddable":true,"href":"https:\/\/wgphoto.pl\/t\/index.php?rest_route=\/wp\/v2\/users\/1"}],"replies":[{"embeddable":true,"href":"https:\/\/wgphoto.pl\/t\/index.php?rest_route=%2Fwp%2Fv2%2Fcomments&post=13087"}],"version-history":[{"count":1,"href":"https:\/\/wgphoto.pl\/t\/index.php?rest_route=\/wp\/v2\/posts\/13087\/revisions"}],"predecessor-version":[{"id":13089,"href":"https:\/\/wgphoto.pl\/t\/index.php?rest_route=\/wp\/v2\/posts\/13087\/revisions\/13089"}],"wp:featuredmedia":[{"embeddable":true,"href":"https:\/\/wgphoto.pl\/t\/index.php?rest_route=\/wp\/v2\/media\/13088"}],"wp:attachment":[{"href":"https:\/\/wgphoto.pl\/t\/index.php?rest_route=%2Fwp%2Fv2%2Fmedia&parent=13087"}],"wp:term":[{"taxonomy":"category","embeddable":true,"href":"https:\/\/wgphoto.pl\/t\/index.php?rest_route=%2Fwp%2Fv2%2Fcategories&post=13087"},{"taxonomy":"post_tag","embeddable":true,"href":"https:\/\/wgphoto.pl\/t\/index.php?rest_route=%2Fwp%2Fv2%2Ftags&post=13087"}],"curies":[{"name":"wp","href":"https:\/\/api.w.org\/{rel}","templated":true}]}}