{"id":1309,"date":"2024-10-03T16:52:50","date_gmt":"2024-10-03T14:52:50","guid":{"rendered":"https:\/\/wgphoto.pl\/t\/?p=1309"},"modified":"2024-10-03T16:52:50","modified_gmt":"2024-10-03T14:52:50","slug":"lekkosc-hiszpanskiej-architektury","status":"publish","type":"post","link":"https:\/\/wgphoto.pl\/t\/?p=1309","title":{"rendered":"Lekko\u015b\u0107 hiszpa\u0144skiej architektury"},"content":{"rendered":"\n<figure class=\"wp-block-image aligncenter size-full\"><img loading=\"lazy\" decoding=\"async\" width=\"1200\" height=\"795\" src=\"https:\/\/wgphoto.pl\/t\/wp-content\/uploads\/2024\/10\/IMGP2180.jpg\" alt=\"\" class=\"wp-image-1310\" srcset=\"https:\/\/wgphoto.pl\/t\/wp-content\/uploads\/2024\/10\/IMGP2180.jpg 1200w, https:\/\/wgphoto.pl\/t\/wp-content\/uploads\/2024\/10\/IMGP2180-300x199.jpg 300w, https:\/\/wgphoto.pl\/t\/wp-content\/uploads\/2024\/10\/IMGP2180-768x509.jpg 768w\" sizes=\"auto, (max-width: 1200px) 100vw, 1200px\" \/><\/figure>\n\n\n\n<div class=\"wp-block-group has-global-padding is-layout-constrained wp-block-group-is-layout-constrained\">\n<p>Sewilla, Av. de la Constituci\u00f3n. Jeden z czterech wagon\u00f3w tutejszego tramwaju (do ruchu wystawiane s\u0105 trzy) wystartowa\u0142 przed chwil\u0105 z p\u00f3\u0142nocnego kra\u0144ca i mija pi\u0119kn\u0105, naro\u017cn\u0105 kamienic\u0119. 18.11.2018<\/p>\n<\/div>\n","protected":false},"excerpt":{"rendered":"<p>Sewilla, Av. de la Constituci\u00f3n. Jeden z czterech wagon\u00f3w tutejszego tramwaju (do ruchu wystawiane s\u0105 trzy) wystartowa\u0142 przed chwil\u0105 z p\u00f3\u0142nocnego kra\u0144ca i mija pi\u0119kn\u0105, naro\u017cn\u0105 kamienic\u0119. 18.11.2018<\/p>\n","protected":false},"author":1,"featured_media":1310,"comment_status":"open","ping_status":"","sticky":false,"template":"","format":"standard","meta":{"footnotes":""},"categories":[156,3],"tags":[624,34,157,239,13,159,160,173,151,622,623],"class_list":["post-1309","post","type-post","status-publish","format-standard","has-post-thumbnail","hentry","category-rok-2018","category-tramwaj","tag-2018-11-18","tag-architektura","tag-caf-urbos","tag-deptak","tag-deszcz","tag-hiszpania","tag-hiszpania-2018","tag-koncowki","tag-ludzie","tag-sewilla","tag-tussam-sevilla"],"_links":{"self":[{"href":"https:\/\/wgphoto.pl\/t\/index.php?rest_route=\/wp\/v2\/posts\/1309","targetHints":{"allow":["GET"]}}],"collection":[{"href":"https:\/\/wgphoto.pl\/t\/index.php?rest_route=\/wp\/v2\/posts"}],"about":[{"href":"https:\/\/wgphoto.pl\/t\/index.php?rest_route=\/wp\/v2\/types\/post"}],"author":[{"embeddable":true,"href":"https:\/\/wgphoto.pl\/t\/index.php?rest_route=\/wp\/v2\/users\/1"}],"replies":[{"embeddable":true,"href":"https:\/\/wgphoto.pl\/t\/index.php?rest_route=%2Fwp%2Fv2%2Fcomments&post=1309"}],"version-history":[{"count":1,"href":"https:\/\/wgphoto.pl\/t\/index.php?rest_route=\/wp\/v2\/posts\/1309\/revisions"}],"predecessor-version":[{"id":1311,"href":"https:\/\/wgphoto.pl\/t\/index.php?rest_route=\/wp\/v2\/posts\/1309\/revisions\/1311"}],"wp:featuredmedia":[{"embeddable":true,"href":"https:\/\/wgphoto.pl\/t\/index.php?rest_route=\/wp\/v2\/media\/1310"}],"wp:attachment":[{"href":"https:\/\/wgphoto.pl\/t\/index.php?rest_route=%2Fwp%2Fv2%2Fmedia&parent=1309"}],"wp:term":[{"taxonomy":"category","embeddable":true,"href":"https:\/\/wgphoto.pl\/t\/index.php?rest_route=%2Fwp%2Fv2%2Fcategories&post=1309"},{"taxonomy":"post_tag","embeddable":true,"href":"https:\/\/wgphoto.pl\/t\/index.php?rest_route=%2Fwp%2Fv2%2Ftags&post=1309"}],"curies":[{"name":"wp","href":"https:\/\/api.w.org\/{rel}","templated":true}]}}