{"id":13096,"date":"2025-02-28T18:34:02","date_gmt":"2025-02-28T17:34:02","guid":{"rendered":"https:\/\/wgphoto.pl\/t\/?p=13096"},"modified":"2025-02-28T18:34:02","modified_gmt":"2025-02-28T17:34:02","slug":"o-zachodzie","status":"publish","type":"post","link":"https:\/\/wgphoto.pl\/t\/?p=13096","title":{"rendered":"O zachodzie"},"content":{"rendered":"\n<figure class=\"wp-block-image aligncenter size-full\"><img loading=\"lazy\" decoding=\"async\" width=\"1024\" height=\"682\" src=\"https:\/\/wgphoto.pl\/t\/wp-content\/uploads\/2025\/02\/imgp6796.jpg\" alt=\"\" class=\"wp-image-13097\" srcset=\"https:\/\/wgphoto.pl\/t\/wp-content\/uploads\/2025\/02\/imgp6796.jpg 1024w, https:\/\/wgphoto.pl\/t\/wp-content\/uploads\/2025\/02\/imgp6796-300x200.jpg 300w, https:\/\/wgphoto.pl\/t\/wp-content\/uploads\/2025\/02\/imgp6796-768x512.jpg 768w\" sizes=\"auto, (max-width: 1024px) 100vw, 1024px\" \/><\/figure>\n\n\n\n<div class=\"wp-block-group has-global-padding is-layout-constrained wp-block-group-is-layout-constrained\">\n<p>Porto, Rua do Infante Dom Henrique. Tramwaj linii 1 oczekuje w blasku zachodz\u0105cego s\u0142o\u0144ca na por\u0119 odjazdu ze \u015br\u00f3dmiejskiego kra\u0144ca Infante. 02.09.2010<\/p>\n<\/div>\n","protected":false},"excerpt":{"rendered":"<p>Porto, Rua do Infante Dom Henrique. Tramwaj linii 1 oczekuje w blasku zachodz\u0105cego s\u0142o\u0144ca na por\u0119 odjazdu ze \u015br\u00f3dmiejskiego kra\u0144ca Infante. 02.09.2010<\/p>\n","protected":false},"author":1,"featured_media":13097,"comment_status":"open","ping_status":"","sticky":false,"template":"","format":"standard","meta":{"footnotes":""},"categories":[86,3],"tags":[1198,1197,503,297,1196],"class_list":["post-13096","post","type-post","status-publish","format-standard","has-post-thumbnail","hentry","category-rok-2010","category-tramwaj","tag-2010-09-02","tag-brill-28","tag-porto","tag-portugalia","tag-stcp-porto"],"_links":{"self":[{"href":"https:\/\/wgphoto.pl\/t\/index.php?rest_route=\/wp\/v2\/posts\/13096","targetHints":{"allow":["GET"]}}],"collection":[{"href":"https:\/\/wgphoto.pl\/t\/index.php?rest_route=\/wp\/v2\/posts"}],"about":[{"href":"https:\/\/wgphoto.pl\/t\/index.php?rest_route=\/wp\/v2\/types\/post"}],"author":[{"embeddable":true,"href":"https:\/\/wgphoto.pl\/t\/index.php?rest_route=\/wp\/v2\/users\/1"}],"replies":[{"embeddable":true,"href":"https:\/\/wgphoto.pl\/t\/index.php?rest_route=%2Fwp%2Fv2%2Fcomments&post=13096"}],"version-history":[{"count":1,"href":"https:\/\/wgphoto.pl\/t\/index.php?rest_route=\/wp\/v2\/posts\/13096\/revisions"}],"predecessor-version":[{"id":13098,"href":"https:\/\/wgphoto.pl\/t\/index.php?rest_route=\/wp\/v2\/posts\/13096\/revisions\/13098"}],"wp:featuredmedia":[{"embeddable":true,"href":"https:\/\/wgphoto.pl\/t\/index.php?rest_route=\/wp\/v2\/media\/13097"}],"wp:attachment":[{"href":"https:\/\/wgphoto.pl\/t\/index.php?rest_route=%2Fwp%2Fv2%2Fmedia&parent=13096"}],"wp:term":[{"taxonomy":"category","embeddable":true,"href":"https:\/\/wgphoto.pl\/t\/index.php?rest_route=%2Fwp%2Fv2%2Fcategories&post=13096"},{"taxonomy":"post_tag","embeddable":true,"href":"https:\/\/wgphoto.pl\/t\/index.php?rest_route=%2Fwp%2Fv2%2Ftags&post=13096"}],"curies":[{"name":"wp","href":"https:\/\/api.w.org\/{rel}","templated":true}]}}