{"id":13099,"date":"2025-02-28T18:34:49","date_gmt":"2025-02-28T17:34:49","guid":{"rendered":"https:\/\/wgphoto.pl\/t\/?p=13099"},"modified":"2025-02-28T18:34:49","modified_gmt":"2025-02-28T17:34:49","slug":"brill-28-nr-131","status":"publish","type":"post","link":"https:\/\/wgphoto.pl\/t\/?p=13099","title":{"rendered":"Brill-28 nr 131"},"content":{"rendered":"\n<figure class=\"wp-block-image aligncenter size-full\"><img loading=\"lazy\" decoding=\"async\" width=\"1024\" height=\"686\" src=\"https:\/\/wgphoto.pl\/t\/wp-content\/uploads\/2025\/02\/imgp6787.jpg\" alt=\"\" class=\"wp-image-13100\" srcset=\"https:\/\/wgphoto.pl\/t\/wp-content\/uploads\/2025\/02\/imgp6787.jpg 1024w, https:\/\/wgphoto.pl\/t\/wp-content\/uploads\/2025\/02\/imgp6787-300x201.jpg 300w, https:\/\/wgphoto.pl\/t\/wp-content\/uploads\/2025\/02\/imgp6787-768x515.jpg 768w\" sizes=\"auto, (max-width: 1024px) 100vw, 1024px\" \/><\/figure>\n\n\n\n<div class=\"wp-block-group has-global-padding is-layout-constrained wp-block-group-is-layout-constrained\">\n<p>Porto, Rua Restaura\u00e7\u00e3o. Osiemnastka chwil\u0119 temu odjecha\u0142a z pocz\u0105tkowego przystanku, zlokalizowanego obok muzeum tramwaj\u00f3w i b\u0119d\u0105cego punktem stycznym z jad\u0105c\u0105 nabrze\u017cem lini\u0105 1. Tutaj rozpoczyna si\u0119 wspinaczka do po\u0142o\u017conych wy\u017cej partii centrum miasta. 02.09.2010<\/p>\n<\/div>\n","protected":false},"excerpt":{"rendered":"<p>Porto, Rua Restaura\u00e7\u00e3o. Osiemnastka chwil\u0119 temu odjecha\u0142a z pocz\u0105tkowego przystanku, zlokalizowanego obok muzeum tramwaj\u00f3w i b\u0119d\u0105cego punktem stycznym z jad\u0105c\u0105 nabrze\u017cem lini\u0105 1. Tutaj rozpoczyna si\u0119 wspinaczka do po\u0142o\u017conych wy\u017cej partii centrum miasta. 02.09.2010<\/p>\n","protected":false},"author":1,"featured_media":13100,"comment_status":"open","ping_status":"","sticky":false,"template":"","format":"standard","meta":{"footnotes":""},"categories":[86,3],"tags":[1198,1197,503,297,1196],"class_list":["post-13099","post","type-post","status-publish","format-standard","has-post-thumbnail","hentry","category-rok-2010","category-tramwaj","tag-2010-09-02","tag-brill-28","tag-porto","tag-portugalia","tag-stcp-porto"],"_links":{"self":[{"href":"https:\/\/wgphoto.pl\/t\/index.php?rest_route=\/wp\/v2\/posts\/13099","targetHints":{"allow":["GET"]}}],"collection":[{"href":"https:\/\/wgphoto.pl\/t\/index.php?rest_route=\/wp\/v2\/posts"}],"about":[{"href":"https:\/\/wgphoto.pl\/t\/index.php?rest_route=\/wp\/v2\/types\/post"}],"author":[{"embeddable":true,"href":"https:\/\/wgphoto.pl\/t\/index.php?rest_route=\/wp\/v2\/users\/1"}],"replies":[{"embeddable":true,"href":"https:\/\/wgphoto.pl\/t\/index.php?rest_route=%2Fwp%2Fv2%2Fcomments&post=13099"}],"version-history":[{"count":1,"href":"https:\/\/wgphoto.pl\/t\/index.php?rest_route=\/wp\/v2\/posts\/13099\/revisions"}],"predecessor-version":[{"id":13101,"href":"https:\/\/wgphoto.pl\/t\/index.php?rest_route=\/wp\/v2\/posts\/13099\/revisions\/13101"}],"wp:featuredmedia":[{"embeddable":true,"href":"https:\/\/wgphoto.pl\/t\/index.php?rest_route=\/wp\/v2\/media\/13100"}],"wp:attachment":[{"href":"https:\/\/wgphoto.pl\/t\/index.php?rest_route=%2Fwp%2Fv2%2Fmedia&parent=13099"}],"wp:term":[{"taxonomy":"category","embeddable":true,"href":"https:\/\/wgphoto.pl\/t\/index.php?rest_route=%2Fwp%2Fv2%2Fcategories&post=13099"},{"taxonomy":"post_tag","embeddable":true,"href":"https:\/\/wgphoto.pl\/t\/index.php?rest_route=%2Fwp%2Fv2%2Ftags&post=13099"}],"curies":[{"name":"wp","href":"https:\/\/api.w.org\/{rel}","templated":true}]}}