{"id":13108,"date":"2025-02-28T18:37:35","date_gmt":"2025-02-28T17:37:35","guid":{"rendered":"https:\/\/wgphoto.pl\/t\/?p=13108"},"modified":"2025-02-28T18:37:35","modified_gmt":"2025-02-28T17:37:35","slug":"powtorka","status":"publish","type":"post","link":"https:\/\/wgphoto.pl\/t\/?p=13108","title":{"rendered":"Powt\u00f3rka"},"content":{"rendered":"\n<figure class=\"wp-block-image aligncenter size-full\"><img loading=\"lazy\" decoding=\"async\" width=\"1024\" height=\"683\" src=\"https:\/\/wgphoto.pl\/t\/wp-content\/uploads\/2025\/02\/imgp7641.jpg\" alt=\"\" class=\"wp-image-13109\" srcset=\"https:\/\/wgphoto.pl\/t\/wp-content\/uploads\/2025\/02\/imgp7641.jpg 1024w, https:\/\/wgphoto.pl\/t\/wp-content\/uploads\/2025\/02\/imgp7641-300x200.jpg 300w, https:\/\/wgphoto.pl\/t\/wp-content\/uploads\/2025\/02\/imgp7641-768x512.jpg 768w\" sizes=\"auto, (max-width: 1024px) 100vw, 1024px\" \/><\/figure>\n\n\n\n<div class=\"wp-block-group has-global-padding is-layout-constrained wp-block-group-is-layout-constrained\">\n<p>Almada, Avenida 23 de Julho. By\u0142o tu ju\u017c niemal identyczne zdj\u0119cie, ale w\u0142asna strona ma t\u0119 zalet\u0119, \u017ce mog\u0119 za\u0142adowa\u0107 i dziesi\u0119\u0107 jednakowych kadr\u00f3w je\u015bli mam na to ochot\u0119. \ud83d\ude09 08.09.2010<\/p>\n<\/div>\n","protected":false},"excerpt":{"rendered":"<p>Almada, Avenida 23 de Julho. By\u0142o tu ju\u017c niemal identyczne zdj\u0119cie, ale w\u0142asna strona ma t\u0119 zalet\u0119, \u017ce mog\u0119 za\u0142adowa\u0107 i dziesi\u0119\u0107 jednakowych kadr\u00f3w je\u015bli mam na to ochot\u0119. \ud83d\ude09 08.09.2010<\/p>\n","protected":false},"author":1,"featured_media":13109,"comment_status":"open","ping_status":"","sticky":false,"template":"","format":"standard","meta":{"footnotes":""},"categories":[86,3],"tags":[1431,2143,2142,297,381],"class_list":["post-13108","post","type-post","status-publish","format-standard","has-post-thumbnail","hentry","category-rok-2010","category-tramwaj","tag-2010-09-08","tag-almada","tag-mts-almada","tag-portugalia","tag-siemens-combino"],"_links":{"self":[{"href":"https:\/\/wgphoto.pl\/t\/index.php?rest_route=\/wp\/v2\/posts\/13108","targetHints":{"allow":["GET"]}}],"collection":[{"href":"https:\/\/wgphoto.pl\/t\/index.php?rest_route=\/wp\/v2\/posts"}],"about":[{"href":"https:\/\/wgphoto.pl\/t\/index.php?rest_route=\/wp\/v2\/types\/post"}],"author":[{"embeddable":true,"href":"https:\/\/wgphoto.pl\/t\/index.php?rest_route=\/wp\/v2\/users\/1"}],"replies":[{"embeddable":true,"href":"https:\/\/wgphoto.pl\/t\/index.php?rest_route=%2Fwp%2Fv2%2Fcomments&post=13108"}],"version-history":[{"count":1,"href":"https:\/\/wgphoto.pl\/t\/index.php?rest_route=\/wp\/v2\/posts\/13108\/revisions"}],"predecessor-version":[{"id":13110,"href":"https:\/\/wgphoto.pl\/t\/index.php?rest_route=\/wp\/v2\/posts\/13108\/revisions\/13110"}],"wp:featuredmedia":[{"embeddable":true,"href":"https:\/\/wgphoto.pl\/t\/index.php?rest_route=\/wp\/v2\/media\/13109"}],"wp:attachment":[{"href":"https:\/\/wgphoto.pl\/t\/index.php?rest_route=%2Fwp%2Fv2%2Fmedia&parent=13108"}],"wp:term":[{"taxonomy":"category","embeddable":true,"href":"https:\/\/wgphoto.pl\/t\/index.php?rest_route=%2Fwp%2Fv2%2Fcategories&post=13108"},{"taxonomy":"post_tag","embeddable":true,"href":"https:\/\/wgphoto.pl\/t\/index.php?rest_route=%2Fwp%2Fv2%2Ftags&post=13108"}],"curies":[{"name":"wp","href":"https:\/\/api.w.org\/{rel}","templated":true}]}}