{"id":13117,"date":"2025-02-28T18:40:44","date_gmt":"2025-02-28T17:40:44","guid":{"rendered":"https:\/\/wgphoto.pl\/t\/?p=13117"},"modified":"2025-02-28T18:40:44","modified_gmt":"2025-02-28T17:40:44","slug":"sant-adria-de-besos","status":"publish","type":"post","link":"https:\/\/wgphoto.pl\/t\/?p=13117","title":{"rendered":"Sant Adri\u00e0 de Bes\u00f2s"},"content":{"rendered":"\n<figure class=\"wp-block-image aligncenter size-full\"><img loading=\"lazy\" decoding=\"async\" width=\"600\" height=\"900\" src=\"https:\/\/wgphoto.pl\/t\/wp-content\/uploads\/2025\/02\/imgp0826.jpg\" alt=\"\" class=\"wp-image-13118\" srcset=\"https:\/\/wgphoto.pl\/t\/wp-content\/uploads\/2025\/02\/imgp0826.jpg 600w, https:\/\/wgphoto.pl\/t\/wp-content\/uploads\/2025\/02\/imgp0826-200x300.jpg 200w\" sizes=\"auto, (max-width: 600px) 100vw, 600px\" \/><\/figure>\n\n\n\n<div class=\"wp-block-group has-global-padding is-layout-constrained wp-block-group-is-layout-constrained\">\n<p>Barcelona, Avinguda Eduard Maristany. Citadis przed chwil\u0105 odjecha\u0142 z po\u0142o\u017conego na p\u00f3\u0142nocno-wschodnich przedmie\u015bciach pocz\u0105tkowego przystanku Sant Adri\u00e0 de Bes\u00f2s i zostawiaj\u0105c za sob\u0105 elektrowni\u0119 zmierza w rejony po\u0142o\u017cone bli\u017cej centrum stolicy Katalonii. Do samego centrum jednak nie dotrze, trzy linie tworz\u0105ce sie\u0107 Trambes\u00f2s pe\u0142ni\u0105 bowiem funkcj\u0119 dowoz\u00f3wki do metra. 02.12.2012<\/p>\n<\/div>\n","protected":false},"excerpt":{"rendered":"<p>Barcelona, Avinguda Eduard Maristany. Citadis przed chwil\u0105 odjecha\u0142 z po\u0142o\u017conego na p\u00f3\u0142nocno-wschodnich przedmie\u015bciach pocz\u0105tkowego przystanku Sant Adri\u00e0 de Bes\u00f2s i zostawiaj\u0105c za sob\u0105 elektrowni\u0119 zmierza w rejony po\u0142o\u017cone bli\u017cej centrum stolicy Katalonii. Do samego centrum jednak nie dotrze, trzy linie tworz\u0105ce sie\u0107 Trambes\u00f2s pe\u0142ni\u0105 bowiem funkcj\u0119 dowoz\u00f3wki do metra. 02.12.2012<\/p>\n","protected":false},"author":1,"featured_media":13118,"comment_status":"open","ping_status":"","sticky":false,"template":"","format":"standard","meta":{"footnotes":""},"categories":[128,46,3],"tags":[3295,170,1086,159,303],"class_list":["post-13117","post","type-post","status-publish","format-standard","has-post-thumbnail","hentry","category-pionowe","category-rok-2012","category-tramwaj","tag-2012-12-02","tag-alstom-citadis302","tag-barcelona","tag-hiszpania","tag-industrial"],"_links":{"self":[{"href":"https:\/\/wgphoto.pl\/t\/index.php?rest_route=\/wp\/v2\/posts\/13117","targetHints":{"allow":["GET"]}}],"collection":[{"href":"https:\/\/wgphoto.pl\/t\/index.php?rest_route=\/wp\/v2\/posts"}],"about":[{"href":"https:\/\/wgphoto.pl\/t\/index.php?rest_route=\/wp\/v2\/types\/post"}],"author":[{"embeddable":true,"href":"https:\/\/wgphoto.pl\/t\/index.php?rest_route=\/wp\/v2\/users\/1"}],"replies":[{"embeddable":true,"href":"https:\/\/wgphoto.pl\/t\/index.php?rest_route=%2Fwp%2Fv2%2Fcomments&post=13117"}],"version-history":[{"count":1,"href":"https:\/\/wgphoto.pl\/t\/index.php?rest_route=\/wp\/v2\/posts\/13117\/revisions"}],"predecessor-version":[{"id":13119,"href":"https:\/\/wgphoto.pl\/t\/index.php?rest_route=\/wp\/v2\/posts\/13117\/revisions\/13119"}],"wp:featuredmedia":[{"embeddable":true,"href":"https:\/\/wgphoto.pl\/t\/index.php?rest_route=\/wp\/v2\/media\/13118"}],"wp:attachment":[{"href":"https:\/\/wgphoto.pl\/t\/index.php?rest_route=%2Fwp%2Fv2%2Fmedia&parent=13117"}],"wp:term":[{"taxonomy":"category","embeddable":true,"href":"https:\/\/wgphoto.pl\/t\/index.php?rest_route=%2Fwp%2Fv2%2Fcategories&post=13117"},{"taxonomy":"post_tag","embeddable":true,"href":"https:\/\/wgphoto.pl\/t\/index.php?rest_route=%2Fwp%2Fv2%2Ftags&post=13117"}],"curies":[{"name":"wp","href":"https:\/\/api.w.org\/{rel}","templated":true}]}}