{"id":13120,"date":"2025-02-28T18:41:36","date_gmt":"2025-02-28T17:41:36","guid":{"rendered":"https:\/\/wgphoto.pl\/t\/?p=13120"},"modified":"2025-02-28T18:41:36","modified_gmt":"2025-02-28T17:41:36","slug":"dolek","status":"publish","type":"post","link":"https:\/\/wgphoto.pl\/t\/?p=13120","title":{"rendered":"Do\u0142ek"},"content":{"rendered":"\n<figure class=\"wp-block-image aligncenter size-full\"><img loading=\"lazy\" decoding=\"async\" width=\"1024\" height=\"682\" src=\"https:\/\/wgphoto.pl\/t\/wp-content\/uploads\/2025\/02\/imgp0970.jpg\" alt=\"\" class=\"wp-image-13121\" srcset=\"https:\/\/wgphoto.pl\/t\/wp-content\/uploads\/2025\/02\/imgp0970.jpg 1024w, https:\/\/wgphoto.pl\/t\/wp-content\/uploads\/2025\/02\/imgp0970-300x200.jpg 300w, https:\/\/wgphoto.pl\/t\/wp-content\/uploads\/2025\/02\/imgp0970-768x512.jpg 768w\" sizes=\"auto, (max-width: 1024px) 100vw, 1024px\" \/><\/figure>\n\n\n\n<div class=\"wp-block-group has-global-padding is-layout-constrained wp-block-group-is-layout-constrained\">\n<p>Barcelona, Carrer de Crist\u00f3bal de Moura. Tramwaj wyje\u017cd\u017ca z &#8222;dziury&#8221; pod torami kolejowymi wprost w kierunku zachodz\u0105cego s\u0142o\u0144ca. M\u00f3g\u0142bym wmontowa\u0107 jaki\u015b poci\u0105g na wiadukcie (mam do wyboru bodaj trzy r\u00f3\u017cne) ale jestem zbyt leniwy. \ud83d\ude09 03.12.2012<\/p>\n<\/div>\n","protected":false},"excerpt":{"rendered":"<p>Barcelona, Carrer de Crist\u00f3bal de Moura. Tramwaj wyje\u017cd\u017ca z &#8222;dziury&#8221; pod torami kolejowymi wprost w kierunku zachodz\u0105cego s\u0142o\u0144ca. M\u00f3g\u0142bym wmontowa\u0107 jaki\u015b poci\u0105g na wiadukcie (mam do wyboru bodaj trzy r\u00f3\u017cne) ale jestem zbyt leniwy. \ud83d\ude09 03.12.2012<\/p>\n","protected":false},"author":1,"featured_media":13121,"comment_status":"open","ping_status":"","sticky":false,"template":"","format":"standard","meta":{"footnotes":""},"categories":[46,3],"tags":[1085,170,1086,159,118],"class_list":["post-13120","post","type-post","status-publish","format-standard","has-post-thumbnail","hentry","category-rok-2012","category-tramwaj","tag-2012-12-03","tag-alstom-citadis302","tag-barcelona","tag-hiszpania","tag-plany-i-profile"],"_links":{"self":[{"href":"https:\/\/wgphoto.pl\/t\/index.php?rest_route=\/wp\/v2\/posts\/13120","targetHints":{"allow":["GET"]}}],"collection":[{"href":"https:\/\/wgphoto.pl\/t\/index.php?rest_route=\/wp\/v2\/posts"}],"about":[{"href":"https:\/\/wgphoto.pl\/t\/index.php?rest_route=\/wp\/v2\/types\/post"}],"author":[{"embeddable":true,"href":"https:\/\/wgphoto.pl\/t\/index.php?rest_route=\/wp\/v2\/users\/1"}],"replies":[{"embeddable":true,"href":"https:\/\/wgphoto.pl\/t\/index.php?rest_route=%2Fwp%2Fv2%2Fcomments&post=13120"}],"version-history":[{"count":1,"href":"https:\/\/wgphoto.pl\/t\/index.php?rest_route=\/wp\/v2\/posts\/13120\/revisions"}],"predecessor-version":[{"id":13122,"href":"https:\/\/wgphoto.pl\/t\/index.php?rest_route=\/wp\/v2\/posts\/13120\/revisions\/13122"}],"wp:featuredmedia":[{"embeddable":true,"href":"https:\/\/wgphoto.pl\/t\/index.php?rest_route=\/wp\/v2\/media\/13121"}],"wp:attachment":[{"href":"https:\/\/wgphoto.pl\/t\/index.php?rest_route=%2Fwp%2Fv2%2Fmedia&parent=13120"}],"wp:term":[{"taxonomy":"category","embeddable":true,"href":"https:\/\/wgphoto.pl\/t\/index.php?rest_route=%2Fwp%2Fv2%2Fcategories&post=13120"},{"taxonomy":"post_tag","embeddable":true,"href":"https:\/\/wgphoto.pl\/t\/index.php?rest_route=%2Fwp%2Fv2%2Ftags&post=13120"}],"curies":[{"name":"wp","href":"https:\/\/api.w.org\/{rel}","templated":true}]}}