{"id":13123,"date":"2025-02-28T18:42:25","date_gmt":"2025-02-28T17:42:25","guid":{"rendered":"https:\/\/wgphoto.pl\/t\/?p=13123"},"modified":"2025-02-28T18:42:25","modified_gmt":"2025-02-28T17:42:25","slug":"priorytet","status":"publish","type":"post","link":"https:\/\/wgphoto.pl\/t\/?p=13123","title":{"rendered":"Priorytet"},"content":{"rendered":"\n<figure class=\"wp-block-image aligncenter size-full\"><img loading=\"lazy\" decoding=\"async\" width=\"1024\" height=\"685\" src=\"https:\/\/wgphoto.pl\/t\/wp-content\/uploads\/2025\/02\/imgp0942-12.jpg\" alt=\"\" class=\"wp-image-13124\" srcset=\"https:\/\/wgphoto.pl\/t\/wp-content\/uploads\/2025\/02\/imgp0942-12.jpg 1024w, https:\/\/wgphoto.pl\/t\/wp-content\/uploads\/2025\/02\/imgp0942-12-300x201.jpg 300w, https:\/\/wgphoto.pl\/t\/wp-content\/uploads\/2025\/02\/imgp0942-12-768x514.jpg 768w\" sizes=\"auto, (max-width: 1024px) 100vw, 1024px\" \/><\/figure>\n\n\n\n<div class=\"wp-block-group has-global-padding is-layout-constrained wp-block-group-is-layout-constrained\">\n<p>Barcelona, Carrer de Crist\u00f3bal de Moura. Tramwaj pomyka ra\u017ano alej\u0105 przyci\u0119tych na zim\u0119 platan\u00f3w, zwalniaj\u0105c przed skrzy\u017cowaniem tylko na tyle, ile wymaga p\u0142ynne wej\u015bcie w \u0142uk. ITS przyzna\u0142 pojazdowi szynowemu priorytet, zatem to pojazdy na jezdni musz\u0105 poczeka\u0107 na swoj\u0105 kolej. 03.12.2012<\/p>\n<\/div>\n","protected":false},"excerpt":{"rendered":"<p>Barcelona, Carrer de Crist\u00f3bal de Moura. Tramwaj pomyka ra\u017ano alej\u0105 przyci\u0119tych na zim\u0119 platan\u00f3w, zwalniaj\u0105c przed skrzy\u017cowaniem tylko na tyle, ile wymaga p\u0142ynne wej\u015bcie w \u0142uk. ITS przyzna\u0142 pojazdowi szynowemu priorytet, zatem to pojazdy na jezdni musz\u0105 poczeka\u0107 na swoj\u0105 kolej. 03.12.2012<\/p>\n","protected":false},"author":1,"featured_media":13124,"comment_status":"open","ping_status":"","sticky":false,"template":"","format":"standard","meta":{"footnotes":""},"categories":[46,3],"tags":[1085,170,1086,159],"class_list":["post-13123","post","type-post","status-publish","format-standard","has-post-thumbnail","hentry","category-rok-2012","category-tramwaj","tag-2012-12-03","tag-alstom-citadis302","tag-barcelona","tag-hiszpania"],"_links":{"self":[{"href":"https:\/\/wgphoto.pl\/t\/index.php?rest_route=\/wp\/v2\/posts\/13123","targetHints":{"allow":["GET"]}}],"collection":[{"href":"https:\/\/wgphoto.pl\/t\/index.php?rest_route=\/wp\/v2\/posts"}],"about":[{"href":"https:\/\/wgphoto.pl\/t\/index.php?rest_route=\/wp\/v2\/types\/post"}],"author":[{"embeddable":true,"href":"https:\/\/wgphoto.pl\/t\/index.php?rest_route=\/wp\/v2\/users\/1"}],"replies":[{"embeddable":true,"href":"https:\/\/wgphoto.pl\/t\/index.php?rest_route=%2Fwp%2Fv2%2Fcomments&post=13123"}],"version-history":[{"count":1,"href":"https:\/\/wgphoto.pl\/t\/index.php?rest_route=\/wp\/v2\/posts\/13123\/revisions"}],"predecessor-version":[{"id":13125,"href":"https:\/\/wgphoto.pl\/t\/index.php?rest_route=\/wp\/v2\/posts\/13123\/revisions\/13125"}],"wp:featuredmedia":[{"embeddable":true,"href":"https:\/\/wgphoto.pl\/t\/index.php?rest_route=\/wp\/v2\/media\/13124"}],"wp:attachment":[{"href":"https:\/\/wgphoto.pl\/t\/index.php?rest_route=%2Fwp%2Fv2%2Fmedia&parent=13123"}],"wp:term":[{"taxonomy":"category","embeddable":true,"href":"https:\/\/wgphoto.pl\/t\/index.php?rest_route=%2Fwp%2Fv2%2Fcategories&post=13123"},{"taxonomy":"post_tag","embeddable":true,"href":"https:\/\/wgphoto.pl\/t\/index.php?rest_route=%2Fwp%2Fv2%2Ftags&post=13123"}],"curies":[{"name":"wp","href":"https:\/\/api.w.org\/{rel}","templated":true}]}}