{"id":13129,"date":"2025-02-28T18:45:06","date_gmt":"2025-02-28T17:45:06","guid":{"rendered":"https:\/\/wgphoto.pl\/t\/?p=13129"},"modified":"2025-02-28T18:46:04","modified_gmt":"2025-02-28T17:46:04","slug":"provenca","status":"publish","type":"post","link":"https:\/\/wgphoto.pl\/t\/?p=13129","title":{"rendered":"Proven\u00e7a"},"content":{"rendered":"\n<figure class=\"wp-block-image aligncenter size-full\"><img loading=\"lazy\" decoding=\"async\" width=\"1300\" height=\"882\" src=\"https:\/\/wgphoto.pl\/t\/wp-content\/uploads\/2025\/02\/IMGP0876.jpg\" alt=\"\" class=\"wp-image-13132\" srcset=\"https:\/\/wgphoto.pl\/t\/wp-content\/uploads\/2025\/02\/IMGP0876.jpg 1300w, https:\/\/wgphoto.pl\/t\/wp-content\/uploads\/2025\/02\/IMGP0876-300x204.jpg 300w, https:\/\/wgphoto.pl\/t\/wp-content\/uploads\/2025\/02\/IMGP0876-768x521.jpg 768w\" sizes=\"auto, (max-width: 1300px) 100vw, 1300px\" \/><\/figure>\n\n\n\n<div class=\"wp-block-group has-global-padding is-layout-constrained wp-block-group-is-layout-constrained\">\n<p>Trzy linie metra w Barcelonie spo\u015br\u00f3d jedenastu s\u0105 nieco oszukane z powodu obs\u0142ugi przez regionalnego, katalo\u0144skiego przewo\u017anika kolejowego FGC oraz cz\u0119\u015bciowego (linie L6 i L7) lub ca\u0142kowitego (L8) wykorzystywania tras wsp\u00f3lnych z poci\u0105gami podmiejskimi. Mo\u017cna zatem przyj\u0105\u0107, \u017ce niekt\u00f3re warianty tras SKM-ki postanowiono po prostu nazwa\u0107 metrem, co zreszt\u0105 odpowiada przebiegowi ich tras w znacznej mierze pod ziemi\u0105 (L6 i L7 w ca\u0142o\u015bci, L8 w wi\u0119kszo\u015bci). Tytu\u0142owa stacja, zbudowana w 1929 roku, le\u017cy na odcinku wsp\u00f3lnym sz\u00f3stki, si\u00f3demki oraz kolei i prezentuje bardzo imho sympatyczn\u0105 architektur\u0119. 03.12.2012<\/p>\n<\/div>\n","protected":false},"excerpt":{"rendered":"<p>Trzy linie metra w Barcelonie spo\u015br\u00f3d jedenastu s\u0105 nieco oszukane z powodu obs\u0142ugi przez regionalnego, katalo\u0144skiego przewo\u017anika kolejowego FGC oraz cz\u0119\u015bciowego (linie L6 i L7) lub ca\u0142kowitego (L8) wykorzystywania tras wsp\u00f3lnych z poci\u0105gami podmiejskimi. Mo\u017cna zatem przyj\u0105\u0107, \u017ce niekt\u00f3re warianty tras SKM-ki postanowiono po prostu nazwa\u0107 metrem, co zreszt\u0105 odpowiada przebiegowi ich tras w znacznej [&hellip;]<\/p>\n","protected":false},"author":1,"featured_media":13132,"comment_status":"open","ping_status":"","sticky":false,"template":"","format":"standard","meta":{"footnotes":""},"categories":[4,46],"tags":[1085,1086,3297,159,3296,15],"class_list":["post-13129","post","type-post","status-publish","format-standard","has-post-thumbnail","hentry","category-metro","category-rok-2012","tag-2012-12-03","tag-barcelona","tag-fgc","tag-hiszpania","tag-metro-de-barcelona","tag-tunel"],"_links":{"self":[{"href":"https:\/\/wgphoto.pl\/t\/index.php?rest_route=\/wp\/v2\/posts\/13129","targetHints":{"allow":["GET"]}}],"collection":[{"href":"https:\/\/wgphoto.pl\/t\/index.php?rest_route=\/wp\/v2\/posts"}],"about":[{"href":"https:\/\/wgphoto.pl\/t\/index.php?rest_route=\/wp\/v2\/types\/post"}],"author":[{"embeddable":true,"href":"https:\/\/wgphoto.pl\/t\/index.php?rest_route=\/wp\/v2\/users\/1"}],"replies":[{"embeddable":true,"href":"https:\/\/wgphoto.pl\/t\/index.php?rest_route=%2Fwp%2Fv2%2Fcomments&post=13129"}],"version-history":[{"count":2,"href":"https:\/\/wgphoto.pl\/t\/index.php?rest_route=\/wp\/v2\/posts\/13129\/revisions"}],"predecessor-version":[{"id":13133,"href":"https:\/\/wgphoto.pl\/t\/index.php?rest_route=\/wp\/v2\/posts\/13129\/revisions\/13133"}],"wp:featuredmedia":[{"embeddable":true,"href":"https:\/\/wgphoto.pl\/t\/index.php?rest_route=\/wp\/v2\/media\/13132"}],"wp:attachment":[{"href":"https:\/\/wgphoto.pl\/t\/index.php?rest_route=%2Fwp%2Fv2%2Fmedia&parent=13129"}],"wp:term":[{"taxonomy":"category","embeddable":true,"href":"https:\/\/wgphoto.pl\/t\/index.php?rest_route=%2Fwp%2Fv2%2Fcategories&post=13129"},{"taxonomy":"post_tag","embeddable":true,"href":"https:\/\/wgphoto.pl\/t\/index.php?rest_route=%2Fwp%2Fv2%2Ftags&post=13129"}],"curies":[{"name":"wp","href":"https:\/\/api.w.org\/{rel}","templated":true}]}}