{"id":13134,"date":"2025-02-28T18:47:46","date_gmt":"2025-02-28T17:47:46","guid":{"rendered":"https:\/\/wgphoto.pl\/t\/?p=13134"},"modified":"2025-02-28T18:47:46","modified_gmt":"2025-02-28T17:47:46","slug":"kadr-centralny","status":"publish","type":"post","link":"https:\/\/wgphoto.pl\/t\/?p=13134","title":{"rendered":"Kadr centralny"},"content":{"rendered":"\n<figure class=\"wp-block-image aligncenter size-full\"><img loading=\"lazy\" decoding=\"async\" width=\"1024\" height=\"685\" src=\"https:\/\/wgphoto.pl\/t\/wp-content\/uploads\/2025\/02\/imgp0871.jpg\" alt=\"\" class=\"wp-image-13135\" srcset=\"https:\/\/wgphoto.pl\/t\/wp-content\/uploads\/2025\/02\/imgp0871.jpg 1024w, https:\/\/wgphoto.pl\/t\/wp-content\/uploads\/2025\/02\/imgp0871-300x201.jpg 300w, https:\/\/wgphoto.pl\/t\/wp-content\/uploads\/2025\/02\/imgp0871-768x514.jpg 768w\" sizes=\"auto, (max-width: 1024px) 100vw, 1024px\" \/><\/figure>\n\n\n\n<div class=\"wp-block-group has-global-padding is-layout-constrained wp-block-group-is-layout-constrained\">\n<p>Avinguda Tibidabo jest dosy\u0107 klaustrofobiczn\u0105 stacj\u0105, stanowi\u0105c\u0105 kraniec licz\u0105cego trzy stacje i obs\u0142ugiwanego metrem L7 odga\u0142\u0119zienia od g\u0142\u00f3wnej trasy kolejowo &#8211; &#8222;metrowej&#8221;. 03.12.2012<\/p>\n<\/div>\n","protected":false},"excerpt":{"rendered":"<p>Avinguda Tibidabo jest dosy\u0107 klaustrofobiczn\u0105 stacj\u0105, stanowi\u0105c\u0105 kraniec licz\u0105cego trzy stacje i obs\u0142ugiwanego metrem L7 odga\u0142\u0119zienia od g\u0142\u00f3wnej trasy kolejowo &#8211; &#8222;metrowej&#8221;. 03.12.2012<\/p>\n","protected":false},"author":1,"featured_media":13135,"comment_status":"open","ping_status":"","sticky":false,"template":"","format":"standard","meta":{"footnotes":""},"categories":[4,46],"tags":[1085,1086,3297,159,3296,223,15],"class_list":["post-13134","post","type-post","status-publish","format-standard","has-post-thumbnail","hentry","category-metro","category-rok-2012","tag-2012-12-03","tag-barcelona","tag-fgc","tag-hiszpania","tag-metro-de-barcelona","tag-symetria","tag-tunel"],"_links":{"self":[{"href":"https:\/\/wgphoto.pl\/t\/index.php?rest_route=\/wp\/v2\/posts\/13134","targetHints":{"allow":["GET"]}}],"collection":[{"href":"https:\/\/wgphoto.pl\/t\/index.php?rest_route=\/wp\/v2\/posts"}],"about":[{"href":"https:\/\/wgphoto.pl\/t\/index.php?rest_route=\/wp\/v2\/types\/post"}],"author":[{"embeddable":true,"href":"https:\/\/wgphoto.pl\/t\/index.php?rest_route=\/wp\/v2\/users\/1"}],"replies":[{"embeddable":true,"href":"https:\/\/wgphoto.pl\/t\/index.php?rest_route=%2Fwp%2Fv2%2Fcomments&post=13134"}],"version-history":[{"count":1,"href":"https:\/\/wgphoto.pl\/t\/index.php?rest_route=\/wp\/v2\/posts\/13134\/revisions"}],"predecessor-version":[{"id":13136,"href":"https:\/\/wgphoto.pl\/t\/index.php?rest_route=\/wp\/v2\/posts\/13134\/revisions\/13136"}],"wp:featuredmedia":[{"embeddable":true,"href":"https:\/\/wgphoto.pl\/t\/index.php?rest_route=\/wp\/v2\/media\/13135"}],"wp:attachment":[{"href":"https:\/\/wgphoto.pl\/t\/index.php?rest_route=%2Fwp%2Fv2%2Fmedia&parent=13134"}],"wp:term":[{"taxonomy":"category","embeddable":true,"href":"https:\/\/wgphoto.pl\/t\/index.php?rest_route=%2Fwp%2Fv2%2Fcategories&post=13134"},{"taxonomy":"post_tag","embeddable":true,"href":"https:\/\/wgphoto.pl\/t\/index.php?rest_route=%2Fwp%2Fv2%2Ftags&post=13134"}],"curies":[{"name":"wp","href":"https:\/\/api.w.org\/{rel}","templated":true}]}}