{"id":13137,"date":"2025-02-28T18:48:34","date_gmt":"2025-02-28T17:48:34","guid":{"rendered":"https:\/\/wgphoto.pl\/t\/?p=13137"},"modified":"2025-02-28T18:48:34","modified_gmt":"2025-02-28T17:48:34","slug":"glories","status":"publish","type":"post","link":"https:\/\/wgphoto.pl\/t\/?p=13137","title":{"rendered":"Gl\u00f2ries"},"content":{"rendered":"\n<figure class=\"wp-block-image aligncenter size-full\"><img loading=\"lazy\" decoding=\"async\" width=\"1024\" height=\"685\" src=\"https:\/\/wgphoto.pl\/t\/wp-content\/uploads\/2025\/02\/imgp0915.jpg\" alt=\"\" class=\"wp-image-13138\" srcset=\"https:\/\/wgphoto.pl\/t\/wp-content\/uploads\/2025\/02\/imgp0915.jpg 1024w, https:\/\/wgphoto.pl\/t\/wp-content\/uploads\/2025\/02\/imgp0915-300x201.jpg 300w, https:\/\/wgphoto.pl\/t\/wp-content\/uploads\/2025\/02\/imgp0915-768x514.jpg 768w\" sizes=\"auto, (max-width: 1024px) 100vw, 1024px\" \/><\/figure>\n\n\n\n<div class=\"wp-block-group has-global-padding is-layout-constrained wp-block-group-is-layout-constrained\">\n<p>Tytu\u0142owa stacja le\u017cy na linii L1 &#8211; wbrew oznaczeniu wcale nie b\u0119d\u0105cej pierwsz\u0105 lini\u0105 metra w Barcelonie pierwsza by\u0142a L3. ;). Niekt\u00f3re stacje na wybudowanym w latach 50-tych XX wieku odcinku, wiod\u0105cym wzd\u0142u\u017c przecinaj\u0105cego miasto korytarza kolejowego, s\u0105 wyposa\u017cone w perony po obu stronach toru. 03.12.2012<\/p>\n<\/div>\n","protected":false},"excerpt":{"rendered":"<p>Tytu\u0142owa stacja le\u017cy na linii L1 &#8211; wbrew oznaczeniu wcale nie b\u0119d\u0105cej pierwsz\u0105 lini\u0105 metra w Barcelonie pierwsza by\u0142a L3. ;). Niekt\u00f3re stacje na wybudowanym w latach 50-tych XX wieku odcinku, wiod\u0105cym wzd\u0142u\u017c przecinaj\u0105cego miasto korytarza kolejowego, s\u0105 wyposa\u017cone w perony po obu stronach toru. 03.12.2012<\/p>\n","protected":false},"author":1,"featured_media":13138,"comment_status":"open","ping_status":"","sticky":false,"template":"","format":"standard","meta":{"footnotes":""},"categories":[4,46],"tags":[1085,1086,159,3296,15],"class_list":["post-13137","post","type-post","status-publish","format-standard","has-post-thumbnail","hentry","category-metro","category-rok-2012","tag-2012-12-03","tag-barcelona","tag-hiszpania","tag-metro-de-barcelona","tag-tunel"],"_links":{"self":[{"href":"https:\/\/wgphoto.pl\/t\/index.php?rest_route=\/wp\/v2\/posts\/13137","targetHints":{"allow":["GET"]}}],"collection":[{"href":"https:\/\/wgphoto.pl\/t\/index.php?rest_route=\/wp\/v2\/posts"}],"about":[{"href":"https:\/\/wgphoto.pl\/t\/index.php?rest_route=\/wp\/v2\/types\/post"}],"author":[{"embeddable":true,"href":"https:\/\/wgphoto.pl\/t\/index.php?rest_route=\/wp\/v2\/users\/1"}],"replies":[{"embeddable":true,"href":"https:\/\/wgphoto.pl\/t\/index.php?rest_route=%2Fwp%2Fv2%2Fcomments&post=13137"}],"version-history":[{"count":1,"href":"https:\/\/wgphoto.pl\/t\/index.php?rest_route=\/wp\/v2\/posts\/13137\/revisions"}],"predecessor-version":[{"id":13139,"href":"https:\/\/wgphoto.pl\/t\/index.php?rest_route=\/wp\/v2\/posts\/13137\/revisions\/13139"}],"wp:featuredmedia":[{"embeddable":true,"href":"https:\/\/wgphoto.pl\/t\/index.php?rest_route=\/wp\/v2\/media\/13138"}],"wp:attachment":[{"href":"https:\/\/wgphoto.pl\/t\/index.php?rest_route=%2Fwp%2Fv2%2Fmedia&parent=13137"}],"wp:term":[{"taxonomy":"category","embeddable":true,"href":"https:\/\/wgphoto.pl\/t\/index.php?rest_route=%2Fwp%2Fv2%2Fcategories&post=13137"},{"taxonomy":"post_tag","embeddable":true,"href":"https:\/\/wgphoto.pl\/t\/index.php?rest_route=%2Fwp%2Fv2%2Ftags&post=13137"}],"curies":[{"name":"wp","href":"https:\/\/api.w.org\/{rel}","templated":true}]}}