{"id":13140,"date":"2025-02-28T18:49:28","date_gmt":"2025-02-28T17:49:28","guid":{"rendered":"https:\/\/wgphoto.pl\/t\/?p=13140"},"modified":"2025-02-28T18:49:28","modified_gmt":"2025-02-28T17:49:28","slug":"pociag-lotniskowy","status":"publish","type":"post","link":"https:\/\/wgphoto.pl\/t\/?p=13140","title":{"rendered":"Poci\u0105g lotniskowy"},"content":{"rendered":"\n<figure class=\"wp-block-image aligncenter size-full\"><img loading=\"lazy\" decoding=\"async\" width=\"1024\" height=\"689\" src=\"https:\/\/wgphoto.pl\/t\/wp-content\/uploads\/2025\/02\/imgp0981.jpg\" alt=\"\" class=\"wp-image-13141\" srcset=\"https:\/\/wgphoto.pl\/t\/wp-content\/uploads\/2025\/02\/imgp0981.jpg 1024w, https:\/\/wgphoto.pl\/t\/wp-content\/uploads\/2025\/02\/imgp0981-300x202.jpg 300w, https:\/\/wgphoto.pl\/t\/wp-content\/uploads\/2025\/02\/imgp0981-768x517.jpg 768w\" sizes=\"auto, (max-width: 1024px) 100vw, 1024px\" \/><\/figure>\n\n\n\n<div class=\"wp-block-group has-global-padding is-layout-constrained wp-block-group-is-layout-constrained\">\n<p>Poci\u0105g podmiejski nieznanej mi relacji, obs\u0142ugiwany jednostkami nieznanego mi typu oczekuje pory odjazdu ze stacji Aeroport w El Prat de Llobregat pod Barcelon\u0105, kt\u00f3ra to stacja pewnie w kolejowej nomenklaturze nosi bardziej unikaln\u0105 &#8211; nieznan\u0105 mi, rzecz jasna &#8211; nazw\u0119. 03.12.2012<\/p>\n<\/div>\n","protected":false},"excerpt":{"rendered":"<p>Poci\u0105g podmiejski nieznanej mi relacji, obs\u0142ugiwany jednostkami nieznanego mi typu oczekuje pory odjazdu ze stacji Aeroport w El Prat de Llobregat pod Barcelon\u0105, kt\u00f3ra to stacja pewnie w kolejowej nomenklaturze nosi bardziej unikaln\u0105 &#8211; nieznan\u0105 mi, rzecz jasna &#8211; nazw\u0119. 03.12.2012<\/p>\n","protected":false},"author":1,"featured_media":13141,"comment_status":"open","ping_status":"","sticky":false,"template":"","format":"standard","meta":{"footnotes":""},"categories":[2,46],"tags":[1085,1086,3298,159,1374,154,2977],"class_list":["post-13140","post","type-post","status-publish","format-standard","has-post-thumbnail","hentry","category-kolej","category-rok-2012","tag-2012-12-03","tag-barcelona","tag-el-prat-de-llobregat","tag-hiszpania","tag-kolej-podmiejska","tag-noc","tag-renfe"],"_links":{"self":[{"href":"https:\/\/wgphoto.pl\/t\/index.php?rest_route=\/wp\/v2\/posts\/13140","targetHints":{"allow":["GET"]}}],"collection":[{"href":"https:\/\/wgphoto.pl\/t\/index.php?rest_route=\/wp\/v2\/posts"}],"about":[{"href":"https:\/\/wgphoto.pl\/t\/index.php?rest_route=\/wp\/v2\/types\/post"}],"author":[{"embeddable":true,"href":"https:\/\/wgphoto.pl\/t\/index.php?rest_route=\/wp\/v2\/users\/1"}],"replies":[{"embeddable":true,"href":"https:\/\/wgphoto.pl\/t\/index.php?rest_route=%2Fwp%2Fv2%2Fcomments&post=13140"}],"version-history":[{"count":1,"href":"https:\/\/wgphoto.pl\/t\/index.php?rest_route=\/wp\/v2\/posts\/13140\/revisions"}],"predecessor-version":[{"id":13142,"href":"https:\/\/wgphoto.pl\/t\/index.php?rest_route=\/wp\/v2\/posts\/13140\/revisions\/13142"}],"wp:featuredmedia":[{"embeddable":true,"href":"https:\/\/wgphoto.pl\/t\/index.php?rest_route=\/wp\/v2\/media\/13141"}],"wp:attachment":[{"href":"https:\/\/wgphoto.pl\/t\/index.php?rest_route=%2Fwp%2Fv2%2Fmedia&parent=13140"}],"wp:term":[{"taxonomy":"category","embeddable":true,"href":"https:\/\/wgphoto.pl\/t\/index.php?rest_route=%2Fwp%2Fv2%2Fcategories&post=13140"},{"taxonomy":"post_tag","embeddable":true,"href":"https:\/\/wgphoto.pl\/t\/index.php?rest_route=%2Fwp%2Fv2%2Ftags&post=13140"}],"curies":[{"name":"wp","href":"https:\/\/api.w.org\/{rel}","templated":true}]}}