{"id":13149,"date":"2025-02-28T18:52:30","date_gmt":"2025-02-28T17:52:30","guid":{"rendered":"https:\/\/wgphoto.pl\/t\/?p=13149"},"modified":"2025-02-28T18:52:30","modified_gmt":"2025-02-28T17:52:30","slug":"puerta-del-mar","status":"publish","type":"post","link":"https:\/\/wgphoto.pl\/t\/?p=13149","title":{"rendered":"Puerta del Mar"},"content":{"rendered":"\n<figure class=\"wp-block-image aligncenter size-full\"><img loading=\"lazy\" decoding=\"async\" width=\"1024\" height=\"685\" src=\"https:\/\/wgphoto.pl\/t\/wp-content\/uploads\/2025\/02\/imgp1344-12.jpg\" alt=\"\" class=\"wp-image-13150\" srcset=\"https:\/\/wgphoto.pl\/t\/wp-content\/uploads\/2025\/02\/imgp1344-12.jpg 1024w, https:\/\/wgphoto.pl\/t\/wp-content\/uploads\/2025\/02\/imgp1344-12-300x201.jpg 300w, https:\/\/wgphoto.pl\/t\/wp-content\/uploads\/2025\/02\/imgp1344-12-768x514.jpg 768w\" sizes=\"auto, (max-width: 1024px) 100vw, 1024px\" \/><\/figure>\n\n\n\n<div class=\"wp-block-group has-global-padding is-layout-constrained wp-block-group-is-layout-constrained\">\n<p>Jeszcze jedno uj\u0119cie ze \u015br\u00f3dmiejskiego kra\u0144ca linii 4L. Tramwaj, palmy, zaraz na lewo zaczyna si\u0119 pla\u017ca &#8211; czego chcie\u0107 wi\u0119cej. \ud83d\ude09 05.12.2012<\/p>\n<\/div>\n","protected":false},"excerpt":{"rendered":"<p>Jeszcze jedno uj\u0119cie ze \u015br\u00f3dmiejskiego kra\u0144ca linii 4L. Tramwaj, palmy, zaraz na lewo zaczyna si\u0119 pla\u017ca &#8211; czego chcie\u0107 wi\u0119cej. \ud83d\ude09 05.12.2012<\/p>\n","protected":false},"author":1,"featured_media":13150,"comment_status":"open","ping_status":"","sticky":false,"template":"","format":"standard","meta":{"footnotes":""},"categories":[46,3],"tags":[1835,1834,185,863,159],"class_list":["post-13149","post","type-post","status-publish","format-standard","has-post-thumbnail","hentry","category-rok-2012","category-tramwaj","tag-2012-12-05","tag-alicante","tag-cityrunner","tag-fgv-valencia","tag-hiszpania"],"_links":{"self":[{"href":"https:\/\/wgphoto.pl\/t\/index.php?rest_route=\/wp\/v2\/posts\/13149","targetHints":{"allow":["GET"]}}],"collection":[{"href":"https:\/\/wgphoto.pl\/t\/index.php?rest_route=\/wp\/v2\/posts"}],"about":[{"href":"https:\/\/wgphoto.pl\/t\/index.php?rest_route=\/wp\/v2\/types\/post"}],"author":[{"embeddable":true,"href":"https:\/\/wgphoto.pl\/t\/index.php?rest_route=\/wp\/v2\/users\/1"}],"replies":[{"embeddable":true,"href":"https:\/\/wgphoto.pl\/t\/index.php?rest_route=%2Fwp%2Fv2%2Fcomments&post=13149"}],"version-history":[{"count":1,"href":"https:\/\/wgphoto.pl\/t\/index.php?rest_route=\/wp\/v2\/posts\/13149\/revisions"}],"predecessor-version":[{"id":13151,"href":"https:\/\/wgphoto.pl\/t\/index.php?rest_route=\/wp\/v2\/posts\/13149\/revisions\/13151"}],"wp:featuredmedia":[{"embeddable":true,"href":"https:\/\/wgphoto.pl\/t\/index.php?rest_route=\/wp\/v2\/media\/13150"}],"wp:attachment":[{"href":"https:\/\/wgphoto.pl\/t\/index.php?rest_route=%2Fwp%2Fv2%2Fmedia&parent=13149"}],"wp:term":[{"taxonomy":"category","embeddable":true,"href":"https:\/\/wgphoto.pl\/t\/index.php?rest_route=%2Fwp%2Fv2%2Fcategories&post=13149"},{"taxonomy":"post_tag","embeddable":true,"href":"https:\/\/wgphoto.pl\/t\/index.php?rest_route=%2Fwp%2Fv2%2Ftags&post=13149"}],"curies":[{"name":"wp","href":"https:\/\/api.w.org\/{rel}","templated":true}]}}