{"id":13152,"date":"2025-02-28T18:53:24","date_gmt":"2025-02-28T17:53:24","guid":{"rendered":"https:\/\/wgphoto.pl\/t\/?p=13152"},"modified":"2025-02-28T18:53:24","modified_gmt":"2025-02-28T17:53:24","slug":"poczatek-tunelu","status":"publish","type":"post","link":"https:\/\/wgphoto.pl\/t\/?p=13152","title":{"rendered":"Pocz\u0105tek tunelu"},"content":{"rendered":"\n<figure class=\"wp-block-image aligncenter size-full\"><img loading=\"lazy\" decoding=\"async\" width=\"1024\" height=\"681\" src=\"https:\/\/wgphoto.pl\/t\/wp-content\/uploads\/2025\/02\/imgp1132.jpg\" alt=\"\" class=\"wp-image-13153\" srcset=\"https:\/\/wgphoto.pl\/t\/wp-content\/uploads\/2025\/02\/imgp1132.jpg 1024w, https:\/\/wgphoto.pl\/t\/wp-content\/uploads\/2025\/02\/imgp1132-300x200.jpg 300w, https:\/\/wgphoto.pl\/t\/wp-content\/uploads\/2025\/02\/imgp1132-768x511.jpg 768w\" sizes=\"auto, (max-width: 1024px) 100vw, 1024px\" \/><\/figure>\n\n\n\n<div class=\"wp-block-group has-global-padding is-layout-constrained wp-block-group-is-layout-constrained\">\n<p>Alicante, przystanek MARQ. Tym zdj\u0119ciem wje\u017cd\u017camy pod ziemi\u0119 &#8211; zupe\u0142nie jak tramwaje w centrum Alicante. Jak mo\u017cna wywnioskowa\u0107 z o\u015bwietlenia kadru &#8211; cityrunner 4201 udaje si\u0119 w przeciwnym kierunku i w\u0142a\u015bnie wyje\u017cd\u017ca na powierzchni\u0119. Za moment pokona kilka zaprezentowanych ju\u017c jaki\u015b czas temu \u0142uk\u00f3w, kt\u00f3rymi dotrze nad morze. 04.12.2012<\/p>\n<\/div>\n","protected":false},"excerpt":{"rendered":"<p>Alicante, przystanek MARQ. Tym zdj\u0119ciem wje\u017cd\u017camy pod ziemi\u0119 &#8211; zupe\u0142nie jak tramwaje w centrum Alicante. Jak mo\u017cna wywnioskowa\u0107 z o\u015bwietlenia kadru &#8211; cityrunner 4201 udaje si\u0119 w przeciwnym kierunku i w\u0142a\u015bnie wyje\u017cd\u017ca na powierzchni\u0119. Za moment pokona kilka zaprezentowanych ju\u017c jaki\u015b czas temu \u0142uk\u00f3w, kt\u00f3rymi dotrze nad morze. 04.12.2012<\/p>\n","protected":false},"author":1,"featured_media":13153,"comment_status":"open","ping_status":"","sticky":false,"template":"","format":"standard","meta":{"footnotes":""},"categories":[4,46,3],"tags":[1836,1834,185,863,159,103,15],"class_list":["post-13152","post","type-post","status-publish","format-standard","has-post-thumbnail","hentry","category-metro","category-rok-2012","category-tramwaj","tag-2012-12-04","tag-alicante","tag-cityrunner","tag-fgv-valencia","tag-hiszpania","tag-premetro","tag-tunel"],"_links":{"self":[{"href":"https:\/\/wgphoto.pl\/t\/index.php?rest_route=\/wp\/v2\/posts\/13152","targetHints":{"allow":["GET"]}}],"collection":[{"href":"https:\/\/wgphoto.pl\/t\/index.php?rest_route=\/wp\/v2\/posts"}],"about":[{"href":"https:\/\/wgphoto.pl\/t\/index.php?rest_route=\/wp\/v2\/types\/post"}],"author":[{"embeddable":true,"href":"https:\/\/wgphoto.pl\/t\/index.php?rest_route=\/wp\/v2\/users\/1"}],"replies":[{"embeddable":true,"href":"https:\/\/wgphoto.pl\/t\/index.php?rest_route=%2Fwp%2Fv2%2Fcomments&post=13152"}],"version-history":[{"count":1,"href":"https:\/\/wgphoto.pl\/t\/index.php?rest_route=\/wp\/v2\/posts\/13152\/revisions"}],"predecessor-version":[{"id":13154,"href":"https:\/\/wgphoto.pl\/t\/index.php?rest_route=\/wp\/v2\/posts\/13152\/revisions\/13154"}],"wp:featuredmedia":[{"embeddable":true,"href":"https:\/\/wgphoto.pl\/t\/index.php?rest_route=\/wp\/v2\/media\/13153"}],"wp:attachment":[{"href":"https:\/\/wgphoto.pl\/t\/index.php?rest_route=%2Fwp%2Fv2%2Fmedia&parent=13152"}],"wp:term":[{"taxonomy":"category","embeddable":true,"href":"https:\/\/wgphoto.pl\/t\/index.php?rest_route=%2Fwp%2Fv2%2Fcategories&post=13152"},{"taxonomy":"post_tag","embeddable":true,"href":"https:\/\/wgphoto.pl\/t\/index.php?rest_route=%2Fwp%2Fv2%2Ftags&post=13152"}],"curies":[{"name":"wp","href":"https:\/\/api.w.org\/{rel}","templated":true}]}}