{"id":13155,"date":"2025-02-28T18:54:11","date_gmt":"2025-02-28T17:54:11","guid":{"rendered":"https:\/\/wgphoto.pl\/t\/?p=13155"},"modified":"2025-02-28T18:54:11","modified_gmt":"2025-02-28T17:54:11","slug":"marq","status":"publish","type":"post","link":"https:\/\/wgphoto.pl\/t\/?p=13155","title":{"rendered":"MARQ"},"content":{"rendered":"\n<figure class=\"wp-block-image aligncenter size-full\"><img loading=\"lazy\" decoding=\"async\" width=\"1024\" height=\"682\" src=\"https:\/\/wgphoto.pl\/t\/wp-content\/uploads\/2025\/02\/imgp1340.jpg\" alt=\"\" class=\"wp-image-13156\" srcset=\"https:\/\/wgphoto.pl\/t\/wp-content\/uploads\/2025\/02\/imgp1340.jpg 1024w, https:\/\/wgphoto.pl\/t\/wp-content\/uploads\/2025\/02\/imgp1340-300x200.jpg 300w, https:\/\/wgphoto.pl\/t\/wp-content\/uploads\/2025\/02\/imgp1340-768x512.jpg 768w\" sizes=\"auto, (max-width: 1024px) 100vw, 1024px\" \/><\/figure>\n\n\n\n<div class=\"wp-block-group has-global-padding is-layout-constrained wp-block-group-is-layout-constrained\">\n<p>Alicante, przystanek MARQ. Poza typowo tramwajowymi pojazdami wszystko wygl\u0105da tu i funkcjonuje jak metro, w zwi\u0105zku z czym pozwol\u0119 sobie podpi\u0105\u0107 zdj\u0119cia z tutejszego tunelu tak\u017ce i pod t\u0119 drug\u0105 kategori\u0119. 05.12.2012<\/p>\n<\/div>\n","protected":false},"excerpt":{"rendered":"<p>Alicante, przystanek MARQ. Poza typowo tramwajowymi pojazdami wszystko wygl\u0105da tu i funkcjonuje jak metro, w zwi\u0105zku z czym pozwol\u0119 sobie podpi\u0105\u0107 zdj\u0119cia z tutejszego tunelu tak\u017ce i pod t\u0119 drug\u0105 kategori\u0119. 05.12.2012<\/p>\n","protected":false},"author":1,"featured_media":13156,"comment_status":"open","ping_status":"","sticky":false,"template":"","format":"standard","meta":{"footnotes":""},"categories":[4,46,3],"tags":[1835,1834,185,863,159,103,15],"class_list":["post-13155","post","type-post","status-publish","format-standard","has-post-thumbnail","hentry","category-metro","category-rok-2012","category-tramwaj","tag-2012-12-05","tag-alicante","tag-cityrunner","tag-fgv-valencia","tag-hiszpania","tag-premetro","tag-tunel"],"_links":{"self":[{"href":"https:\/\/wgphoto.pl\/t\/index.php?rest_route=\/wp\/v2\/posts\/13155","targetHints":{"allow":["GET"]}}],"collection":[{"href":"https:\/\/wgphoto.pl\/t\/index.php?rest_route=\/wp\/v2\/posts"}],"about":[{"href":"https:\/\/wgphoto.pl\/t\/index.php?rest_route=\/wp\/v2\/types\/post"}],"author":[{"embeddable":true,"href":"https:\/\/wgphoto.pl\/t\/index.php?rest_route=\/wp\/v2\/users\/1"}],"replies":[{"embeddable":true,"href":"https:\/\/wgphoto.pl\/t\/index.php?rest_route=%2Fwp%2Fv2%2Fcomments&post=13155"}],"version-history":[{"count":1,"href":"https:\/\/wgphoto.pl\/t\/index.php?rest_route=\/wp\/v2\/posts\/13155\/revisions"}],"predecessor-version":[{"id":13157,"href":"https:\/\/wgphoto.pl\/t\/index.php?rest_route=\/wp\/v2\/posts\/13155\/revisions\/13157"}],"wp:featuredmedia":[{"embeddable":true,"href":"https:\/\/wgphoto.pl\/t\/index.php?rest_route=\/wp\/v2\/media\/13156"}],"wp:attachment":[{"href":"https:\/\/wgphoto.pl\/t\/index.php?rest_route=%2Fwp%2Fv2%2Fmedia&parent=13155"}],"wp:term":[{"taxonomy":"category","embeddable":true,"href":"https:\/\/wgphoto.pl\/t\/index.php?rest_route=%2Fwp%2Fv2%2Fcategories&post=13155"},{"taxonomy":"post_tag","embeddable":true,"href":"https:\/\/wgphoto.pl\/t\/index.php?rest_route=%2Fwp%2Fv2%2Ftags&post=13155"}],"curies":[{"name":"wp","href":"https:\/\/api.w.org\/{rel}","templated":true}]}}