{"id":13158,"date":"2025-02-28T18:55:01","date_gmt":"2025-02-28T17:55:01","guid":{"rendered":"https:\/\/wgphoto.pl\/t\/?p=13158"},"modified":"2025-02-28T18:55:01","modified_gmt":"2025-02-28T17:55:01","slug":"portret-w-tunelu","status":"publish","type":"post","link":"https:\/\/wgphoto.pl\/t\/?p=13158","title":{"rendered":"Portret w tunelu"},"content":{"rendered":"\n<figure class=\"wp-block-image aligncenter size-full\"><img loading=\"lazy\" decoding=\"async\" width=\"1024\" height=\"683\" src=\"https:\/\/wgphoto.pl\/t\/wp-content\/uploads\/2025\/02\/imgp1360.jpg\" alt=\"\" class=\"wp-image-13159\" srcset=\"https:\/\/wgphoto.pl\/t\/wp-content\/uploads\/2025\/02\/imgp1360.jpg 1024w, https:\/\/wgphoto.pl\/t\/wp-content\/uploads\/2025\/02\/imgp1360-300x200.jpg 300w, https:\/\/wgphoto.pl\/t\/wp-content\/uploads\/2025\/02\/imgp1360-768x512.jpg 768w\" sizes=\"auto, (max-width: 1024px) 100vw, 1024px\" \/><\/figure>\n\n\n\n<div class=\"wp-block-group has-global-padding is-layout-constrained wp-block-group-is-layout-constrained\">\n<p>Taki portrecik na przystanku Mercado &#8211; jedynym wyposa\u017conym w perony po zewn\u0119trznych stronach tor\u00f3w, co sprawia \u017ce jest to ca\u0142kiem niez\u0142e miejsce na podziemn\u0105 mas\u00f3wk\u0119. \ud83d\ude09 05.12.2012<\/p>\n<\/div>\n","protected":false},"excerpt":{"rendered":"<p>Taki portrecik na przystanku Mercado &#8211; jedynym wyposa\u017conym w perony po zewn\u0119trznych stronach tor\u00f3w, co sprawia \u017ce jest to ca\u0142kiem niez\u0142e miejsce na podziemn\u0105 mas\u00f3wk\u0119. \ud83d\ude09 05.12.2012<\/p>\n","protected":false},"author":1,"featured_media":13159,"comment_status":"open","ping_status":"","sticky":false,"template":"","format":"standard","meta":{"footnotes":""},"categories":[4,46,3],"tags":[1835,1834,185,863,159,118,103,15],"class_list":["post-13158","post","type-post","status-publish","format-standard","has-post-thumbnail","hentry","category-metro","category-rok-2012","category-tramwaj","tag-2012-12-05","tag-alicante","tag-cityrunner","tag-fgv-valencia","tag-hiszpania","tag-plany-i-profile","tag-premetro","tag-tunel"],"_links":{"self":[{"href":"https:\/\/wgphoto.pl\/t\/index.php?rest_route=\/wp\/v2\/posts\/13158","targetHints":{"allow":["GET"]}}],"collection":[{"href":"https:\/\/wgphoto.pl\/t\/index.php?rest_route=\/wp\/v2\/posts"}],"about":[{"href":"https:\/\/wgphoto.pl\/t\/index.php?rest_route=\/wp\/v2\/types\/post"}],"author":[{"embeddable":true,"href":"https:\/\/wgphoto.pl\/t\/index.php?rest_route=\/wp\/v2\/users\/1"}],"replies":[{"embeddable":true,"href":"https:\/\/wgphoto.pl\/t\/index.php?rest_route=%2Fwp%2Fv2%2Fcomments&post=13158"}],"version-history":[{"count":1,"href":"https:\/\/wgphoto.pl\/t\/index.php?rest_route=\/wp\/v2\/posts\/13158\/revisions"}],"predecessor-version":[{"id":13160,"href":"https:\/\/wgphoto.pl\/t\/index.php?rest_route=\/wp\/v2\/posts\/13158\/revisions\/13160"}],"wp:featuredmedia":[{"embeddable":true,"href":"https:\/\/wgphoto.pl\/t\/index.php?rest_route=\/wp\/v2\/media\/13159"}],"wp:attachment":[{"href":"https:\/\/wgphoto.pl\/t\/index.php?rest_route=%2Fwp%2Fv2%2Fmedia&parent=13158"}],"wp:term":[{"taxonomy":"category","embeddable":true,"href":"https:\/\/wgphoto.pl\/t\/index.php?rest_route=%2Fwp%2Fv2%2Fcategories&post=13158"},{"taxonomy":"post_tag","embeddable":true,"href":"https:\/\/wgphoto.pl\/t\/index.php?rest_route=%2Fwp%2Fv2%2Ftags&post=13158"}],"curies":[{"name":"wp","href":"https:\/\/api.w.org\/{rel}","templated":true}]}}