{"id":13167,"date":"2025-02-28T18:57:37","date_gmt":"2025-02-28T17:57:37","guid":{"rendered":"https:\/\/wgphoto.pl\/t\/?p=13167"},"modified":"2025-02-28T18:57:37","modified_gmt":"2025-02-28T17:57:37","slug":"charakterystycznie","status":"publish","type":"post","link":"https:\/\/wgphoto.pl\/t\/?p=13167","title":{"rendered":"Charakterystycznie"},"content":{"rendered":"\n<figure class=\"wp-block-image aligncenter size-full\"><img loading=\"lazy\" decoding=\"async\" width=\"1024\" height=\"685\" src=\"https:\/\/wgphoto.pl\/t\/wp-content\/uploads\/2025\/02\/imgp1372-12.jpg\" alt=\"\" class=\"wp-image-13168\" srcset=\"https:\/\/wgphoto.pl\/t\/wp-content\/uploads\/2025\/02\/imgp1372-12.jpg 1024w, https:\/\/wgphoto.pl\/t\/wp-content\/uploads\/2025\/02\/imgp1372-12-300x201.jpg 300w, https:\/\/wgphoto.pl\/t\/wp-content\/uploads\/2025\/02\/imgp1372-12-768x514.jpg 768w\" sizes=\"auto, (max-width: 1024px) 100vw, 1024px\" \/><\/figure>\n\n\n\n<div class=\"wp-block-group has-global-padding is-layout-constrained wp-block-group-is-layout-constrained\">\n<p>Alicante, przystanek Mercado. Lubi\u0119 gdy stacje metra maj\u0105 jaki\u015b charakterystyczny, jedyny w swoim rodzaju element wystroju. W Alicante, gdzie w bardzo prosto urz\u0105dzonych podziemnych przestrzeniach panuj\u0105 biel i czer\u0144, takim akcentem s\u0105 wielkie nazwy przystank\u00f3w. 05.12.2012<\/p>\n<\/div>\n","protected":false},"excerpt":{"rendered":"<p>Alicante, przystanek Mercado. Lubi\u0119 gdy stacje metra maj\u0105 jaki\u015b charakterystyczny, jedyny w swoim rodzaju element wystroju. W Alicante, gdzie w bardzo prosto urz\u0105dzonych podziemnych przestrzeniach panuj\u0105 biel i czer\u0144, takim akcentem s\u0105 wielkie nazwy przystank\u00f3w. 05.12.2012<\/p>\n","protected":false},"author":1,"featured_media":13168,"comment_status":"open","ping_status":"","sticky":false,"template":"","format":"standard","meta":{"footnotes":""},"categories":[220,4,46,3],"tags":[1835,1834,159],"class_list":["post-13167","post","type-post","status-publish","format-standard","has-post-thumbnail","hentry","category-blo","category-metro","category-rok-2012","category-tramwaj","tag-2012-12-05","tag-alicante","tag-hiszpania"],"_links":{"self":[{"href":"https:\/\/wgphoto.pl\/t\/index.php?rest_route=\/wp\/v2\/posts\/13167","targetHints":{"allow":["GET"]}}],"collection":[{"href":"https:\/\/wgphoto.pl\/t\/index.php?rest_route=\/wp\/v2\/posts"}],"about":[{"href":"https:\/\/wgphoto.pl\/t\/index.php?rest_route=\/wp\/v2\/types\/post"}],"author":[{"embeddable":true,"href":"https:\/\/wgphoto.pl\/t\/index.php?rest_route=\/wp\/v2\/users\/1"}],"replies":[{"embeddable":true,"href":"https:\/\/wgphoto.pl\/t\/index.php?rest_route=%2Fwp%2Fv2%2Fcomments&post=13167"}],"version-history":[{"count":1,"href":"https:\/\/wgphoto.pl\/t\/index.php?rest_route=\/wp\/v2\/posts\/13167\/revisions"}],"predecessor-version":[{"id":13169,"href":"https:\/\/wgphoto.pl\/t\/index.php?rest_route=\/wp\/v2\/posts\/13167\/revisions\/13169"}],"wp:featuredmedia":[{"embeddable":true,"href":"https:\/\/wgphoto.pl\/t\/index.php?rest_route=\/wp\/v2\/media\/13168"}],"wp:attachment":[{"href":"https:\/\/wgphoto.pl\/t\/index.php?rest_route=%2Fwp%2Fv2%2Fmedia&parent=13167"}],"wp:term":[{"taxonomy":"category","embeddable":true,"href":"https:\/\/wgphoto.pl\/t\/index.php?rest_route=%2Fwp%2Fv2%2Fcategories&post=13167"},{"taxonomy":"post_tag","embeddable":true,"href":"https:\/\/wgphoto.pl\/t\/index.php?rest_route=%2Fwp%2Fv2%2Ftags&post=13167"}],"curies":[{"name":"wp","href":"https:\/\/api.w.org\/{rel}","templated":true}]}}