{"id":13176,"date":"2025-02-28T19:01:35","date_gmt":"2025-02-28T18:01:35","guid":{"rendered":"https:\/\/wgphoto.pl\/t\/?p=13176"},"modified":"2025-02-28T19:01:35","modified_gmt":"2025-02-28T18:01:35","slug":"przesiadka-drzwi-w-drzwi","status":"publish","type":"post","link":"https:\/\/wgphoto.pl\/t\/?p=13176","title":{"rendered":"Przesiadka drzwi w drzwi"},"content":{"rendered":"\n<figure class=\"wp-block-image aligncenter size-full\"><img loading=\"lazy\" decoding=\"async\" width=\"1200\" height=\"803\" src=\"https:\/\/wgphoto.pl\/t\/wp-content\/uploads\/2025\/02\/imgp1537.jpg\" alt=\"\" class=\"wp-image-13177\" srcset=\"https:\/\/wgphoto.pl\/t\/wp-content\/uploads\/2025\/02\/imgp1537.jpg 1200w, https:\/\/wgphoto.pl\/t\/wp-content\/uploads\/2025\/02\/imgp1537-300x201.jpg 300w, https:\/\/wgphoto.pl\/t\/wp-content\/uploads\/2025\/02\/imgp1537-768x514.jpg 768w\" sizes=\"auto, (max-width: 1200px) 100vw, 1200px\" \/><\/figure>\n\n\n\n<div class=\"wp-block-group has-global-padding is-layout-constrained wp-block-group-is-layout-constrained\">\n<p>Do Walencji przenosimy si\u0119 pozostaj\u0105c w tunelu, do kt\u00f3rego zagl\u0105daj\u0105 takie same tramwaje jak w Alicante, nale\u017c\u0105ce na dodatek do tego samego przewo\u017anika i posiadaj\u0105ce wsp\u00f3ln\u0105 numeracj\u0119. Mar\u00edtim-Serreria to jedyny podziemny przystanek tramwajowy w Walencji, zbudowany najpewniej po to aby umo\u017cliwi\u0107 przesiadk\u0119 &#8222;drzwi w drzwi&#8221; z metra. W\u0142a\u015bciwie tramwaj widocznej linii 5 stanowi licz\u0105ce trzy przystanki przed\u0142u\u017cenie metra o takim samym numerze linii. Oba \u015brodki transportu zaznaczane s\u0105 na schematach tym samym kolorem, dla odr\u00f3\u017cnienia jednak metro na papierze ma numer 5, tramwaj za\u015b T5. W praktyce wygl\u0105da to jak na obrazku: tramwaj 5, a metro bezimienne. 2012-12-06<\/p>\n<\/div>\n","protected":false},"excerpt":{"rendered":"<p>Do Walencji przenosimy si\u0119 pozostaj\u0105c w tunelu, do kt\u00f3rego zagl\u0105daj\u0105 takie same tramwaje jak w Alicante, nale\u017c\u0105ce na dodatek do tego samego przewo\u017anika i posiadaj\u0105ce wsp\u00f3ln\u0105 numeracj\u0119. Mar\u00edtim-Serreria to jedyny podziemny przystanek tramwajowy w Walencji, zbudowany najpewniej po to aby umo\u017cliwi\u0107 przesiadk\u0119 &#8222;drzwi w drzwi&#8221; z metra. W\u0142a\u015bciwie tramwaj widocznej linii 5 stanowi licz\u0105ce trzy [&hellip;]<\/p>\n","protected":false},"author":1,"featured_media":13177,"comment_status":"open","ping_status":"","sticky":false,"template":"","format":"standard","meta":{"footnotes":""},"categories":[4,46,3],"tags":[862,185,863,159,3299,15,861],"class_list":["post-13176","post","type-post","status-publish","format-standard","has-post-thumbnail","hentry","category-metro","category-rok-2012","category-tramwaj","tag-2012-12-06","tag-cityrunner","tag-fgv-valencia","tag-hiszpania","tag-metrovalencia","tag-tunel","tag-walencja"],"_links":{"self":[{"href":"https:\/\/wgphoto.pl\/t\/index.php?rest_route=\/wp\/v2\/posts\/13176","targetHints":{"allow":["GET"]}}],"collection":[{"href":"https:\/\/wgphoto.pl\/t\/index.php?rest_route=\/wp\/v2\/posts"}],"about":[{"href":"https:\/\/wgphoto.pl\/t\/index.php?rest_route=\/wp\/v2\/types\/post"}],"author":[{"embeddable":true,"href":"https:\/\/wgphoto.pl\/t\/index.php?rest_route=\/wp\/v2\/users\/1"}],"replies":[{"embeddable":true,"href":"https:\/\/wgphoto.pl\/t\/index.php?rest_route=%2Fwp%2Fv2%2Fcomments&post=13176"}],"version-history":[{"count":1,"href":"https:\/\/wgphoto.pl\/t\/index.php?rest_route=\/wp\/v2\/posts\/13176\/revisions"}],"predecessor-version":[{"id":13178,"href":"https:\/\/wgphoto.pl\/t\/index.php?rest_route=\/wp\/v2\/posts\/13176\/revisions\/13178"}],"wp:featuredmedia":[{"embeddable":true,"href":"https:\/\/wgphoto.pl\/t\/index.php?rest_route=\/wp\/v2\/media\/13177"}],"wp:attachment":[{"href":"https:\/\/wgphoto.pl\/t\/index.php?rest_route=%2Fwp%2Fv2%2Fmedia&parent=13176"}],"wp:term":[{"taxonomy":"category","embeddable":true,"href":"https:\/\/wgphoto.pl\/t\/index.php?rest_route=%2Fwp%2Fv2%2Fcategories&post=13176"},{"taxonomy":"post_tag","embeddable":true,"href":"https:\/\/wgphoto.pl\/t\/index.php?rest_route=%2Fwp%2Fv2%2Ftags&post=13176"}],"curies":[{"name":"wp","href":"https:\/\/api.w.org\/{rel}","templated":true}]}}