{"id":13179,"date":"2025-02-28T19:02:28","date_gmt":"2025-02-28T18:02:28","guid":{"rendered":"https:\/\/wgphoto.pl\/t\/?p=13179"},"modified":"2025-02-28T19:02:28","modified_gmt":"2025-02-28T18:02:28","slug":"avinguda-del-cid","status":"publish","type":"post","link":"https:\/\/wgphoto.pl\/t\/?p=13179","title":{"rendered":"Avinguda Del Cid"},"content":{"rendered":"\n<figure class=\"wp-block-image aligncenter size-full\"><img loading=\"lazy\" decoding=\"async\" width=\"1200\" height=\"800\" src=\"https:\/\/wgphoto.pl\/t\/wp-content\/uploads\/2025\/02\/imgp1515.jpg\" alt=\"\" class=\"wp-image-13180\" srcset=\"https:\/\/wgphoto.pl\/t\/wp-content\/uploads\/2025\/02\/imgp1515.jpg 1200w, https:\/\/wgphoto.pl\/t\/wp-content\/uploads\/2025\/02\/imgp1515-300x200.jpg 300w, https:\/\/wgphoto.pl\/t\/wp-content\/uploads\/2025\/02\/imgp1515-768x512.jpg 768w\" sizes=\"auto, (max-width: 1200px) 100vw, 1200px\" \/><\/figure>\n\n\n\n<div class=\"wp-block-group has-global-padding is-layout-constrained wp-block-group-is-layout-constrained\">\n<p>Walencja, stacja Avinguda Del Cid. Na \u015brodkowym torze ko\u0144cz\u0105 skr\u00f3cone kursy linii 5. Sama za\u015b stacja jest jedn\u0105 z kilku o wyr\u00f3\u017cniaj\u0105cym si\u0119 wystroju. Dzia\u0142aj\u0105c w terenie wiedzia\u0142em o dw\u00f3ch (co po fakcie okaza\u0142o si\u0119 warto\u015bci\u0105 lekko zani\u017con\u0105), ale zdj\u0119\u0107 nawet z tej drugiej nie b\u0119dzie, bo fotograf dupa. \ud83d\ude09 A jak ju\u017c w walencja\u0144skim metrze jeste\u015bmy &#8211; jest ono do\u015b\u0107 niestandardowe z tymi swoimi dziwacznymi pojazdami. Pierwszy raz widzia\u0142em tak\u017ce metro w\u0105skotorowe (no, mo\u017ce z wyj\u0105tkiem Charleroi, ale tamtejsze &#8222;stodw\u00f3jki&#8221; to taka popierd\u00f3\u0142ka a nie metro), lecz fakt ten ma swoje wyt\u0142umaczenie w genezie tutejszej sieci, cz\u0119\u015bciowo (linia 1) opartej na niegdysiejszych podmiejskich w\u0105skotor\u00f3wkach (wybiegaj\u0105cych z Walencji na p\u00f3\u0142noc i po\u0142udnie), kt\u00f3re w latach 80-tych postanowiono po\u0142\u0105czy\u0107 tunelem pod centrum miasta. 2012-12-06<\/p>\n<\/div>\n","protected":false},"excerpt":{"rendered":"<p>Walencja, stacja Avinguda Del Cid. Na \u015brodkowym torze ko\u0144cz\u0105 skr\u00f3cone kursy linii 5. Sama za\u015b stacja jest jedn\u0105 z kilku o wyr\u00f3\u017cniaj\u0105cym si\u0119 wystroju. Dzia\u0142aj\u0105c w terenie wiedzia\u0142em o dw\u00f3ch (co po fakcie okaza\u0142o si\u0119 warto\u015bci\u0105 lekko zani\u017con\u0105), ale zdj\u0119\u0107 nawet z tej drugiej nie b\u0119dzie, bo fotograf dupa. \ud83d\ude09 A jak ju\u017c w walencja\u0144skim [&hellip;]<\/p>\n","protected":false},"author":1,"featured_media":13180,"comment_status":"open","ping_status":"","sticky":false,"template":"","format":"standard","meta":{"footnotes":""},"categories":[4,46],"tags":[862,159,3299,15,861],"class_list":["post-13179","post","type-post","status-publish","format-standard","has-post-thumbnail","hentry","category-metro","category-rok-2012","tag-2012-12-06","tag-hiszpania","tag-metrovalencia","tag-tunel","tag-walencja"],"_links":{"self":[{"href":"https:\/\/wgphoto.pl\/t\/index.php?rest_route=\/wp\/v2\/posts\/13179","targetHints":{"allow":["GET"]}}],"collection":[{"href":"https:\/\/wgphoto.pl\/t\/index.php?rest_route=\/wp\/v2\/posts"}],"about":[{"href":"https:\/\/wgphoto.pl\/t\/index.php?rest_route=\/wp\/v2\/types\/post"}],"author":[{"embeddable":true,"href":"https:\/\/wgphoto.pl\/t\/index.php?rest_route=\/wp\/v2\/users\/1"}],"replies":[{"embeddable":true,"href":"https:\/\/wgphoto.pl\/t\/index.php?rest_route=%2Fwp%2Fv2%2Fcomments&post=13179"}],"version-history":[{"count":1,"href":"https:\/\/wgphoto.pl\/t\/index.php?rest_route=\/wp\/v2\/posts\/13179\/revisions"}],"predecessor-version":[{"id":13181,"href":"https:\/\/wgphoto.pl\/t\/index.php?rest_route=\/wp\/v2\/posts\/13179\/revisions\/13181"}],"wp:featuredmedia":[{"embeddable":true,"href":"https:\/\/wgphoto.pl\/t\/index.php?rest_route=\/wp\/v2\/media\/13180"}],"wp:attachment":[{"href":"https:\/\/wgphoto.pl\/t\/index.php?rest_route=%2Fwp%2Fv2%2Fmedia&parent=13179"}],"wp:term":[{"taxonomy":"category","embeddable":true,"href":"https:\/\/wgphoto.pl\/t\/index.php?rest_route=%2Fwp%2Fv2%2Fcategories&post=13179"},{"taxonomy":"post_tag","embeddable":true,"href":"https:\/\/wgphoto.pl\/t\/index.php?rest_route=%2Fwp%2Fv2%2Ftags&post=13179"}],"curies":[{"name":"wp","href":"https:\/\/api.w.org\/{rel}","templated":true}]}}