{"id":13185,"date":"2025-02-28T19:05:07","date_gmt":"2025-02-28T18:05:07","guid":{"rendered":"https:\/\/wgphoto.pl\/t\/?p=13185"},"modified":"2025-02-28T19:05:07","modified_gmt":"2025-02-28T18:05:07","slug":"tramwajem-wzdluz-plazy-ii","status":"publish","type":"post","link":"https:\/\/wgphoto.pl\/t\/?p=13185","title":{"rendered":"Tramwajem wzd\u0142u\u017c pla\u017cy II"},"content":{"rendered":"\n<figure class=\"wp-block-image aligncenter size-full\"><img loading=\"lazy\" decoding=\"async\" width=\"1024\" height=\"684\" src=\"https:\/\/wgphoto.pl\/t\/wp-content\/uploads\/2025\/02\/imgp1064.jpg\" alt=\"\" class=\"wp-image-13186\" srcset=\"https:\/\/wgphoto.pl\/t\/wp-content\/uploads\/2025\/02\/imgp1064.jpg 1024w, https:\/\/wgphoto.pl\/t\/wp-content\/uploads\/2025\/02\/imgp1064-300x200.jpg 300w, https:\/\/wgphoto.pl\/t\/wp-content\/uploads\/2025\/02\/imgp1064-768x513.jpg 768w\" sizes=\"auto, (max-width: 1024px) 100vw, 1024px\" \/><\/figure>\n\n\n\n<div class=\"wp-block-group has-global-padding is-layout-constrained wp-block-group-is-layout-constrained\">\n<p>Wagon 4213 min\u0105\u0142 bez zatrzymania przystanek Carrabiners w drodze z Alicante do El Campello. Planowo powinien najpewniej obs\u0142ugiwa\u0107 lini\u0119 3, ale w czasie naszego pobytu lokalni tramwajarze postanowili zorganizowa\u0107 strajk, w ramach kt\u00f3rego po\u0142owa kurs\u00f3w wypad\u0142a z rozk\u0142adu. Zazwyczaj nie oznacza\u0142o to o po\u0142ow\u0119 mniejszego uruchomienia woz\u00f3w &#8211; by podenerwowa\u0107 niedosz\u0142ych pasa\u017cer\u00f3w wagony je\u017adzi\u0142y oznakowane jako Przejazd techniczny (a konkretniej Fuera de servicio) i nie zatrzymywa\u0142y si\u0119 na przystankach. 04.12.2012<\/p>\n<\/div>\n","protected":false},"excerpt":{"rendered":"<p>Wagon 4213 min\u0105\u0142 bez zatrzymania przystanek Carrabiners w drodze z Alicante do El Campello. Planowo powinien najpewniej obs\u0142ugiwa\u0107 lini\u0119 3, ale w czasie naszego pobytu lokalni tramwajarze postanowili zorganizowa\u0107 strajk, w ramach kt\u00f3rego po\u0142owa kurs\u00f3w wypad\u0142a z rozk\u0142adu. Zazwyczaj nie oznacza\u0142o to o po\u0142ow\u0119 mniejszego uruchomienia woz\u00f3w &#8211; by podenerwowa\u0107 niedosz\u0142ych pasa\u017cer\u00f3w wagony je\u017adzi\u0142y oznakowane [&hellip;]<\/p>\n","protected":false},"author":1,"featured_media":13186,"comment_status":"open","ping_status":"","sticky":false,"template":"","format":"standard","meta":{"footnotes":""},"categories":[46,3],"tags":[1836,1834,185,863,159,116,219,561],"class_list":["post-13185","post","type-post","status-publish","format-standard","has-post-thumbnail","hentry","category-rok-2012","category-tramwaj","tag-2012-12-04","tag-alicante","tag-cityrunner","tag-fgv-valencia","tag-hiszpania","tag-morze","tag-przystanek","tag-tramwaj-podmiejski"],"_links":{"self":[{"href":"https:\/\/wgphoto.pl\/t\/index.php?rest_route=\/wp\/v2\/posts\/13185","targetHints":{"allow":["GET"]}}],"collection":[{"href":"https:\/\/wgphoto.pl\/t\/index.php?rest_route=\/wp\/v2\/posts"}],"about":[{"href":"https:\/\/wgphoto.pl\/t\/index.php?rest_route=\/wp\/v2\/types\/post"}],"author":[{"embeddable":true,"href":"https:\/\/wgphoto.pl\/t\/index.php?rest_route=\/wp\/v2\/users\/1"}],"replies":[{"embeddable":true,"href":"https:\/\/wgphoto.pl\/t\/index.php?rest_route=%2Fwp%2Fv2%2Fcomments&post=13185"}],"version-history":[{"count":1,"href":"https:\/\/wgphoto.pl\/t\/index.php?rest_route=\/wp\/v2\/posts\/13185\/revisions"}],"predecessor-version":[{"id":13187,"href":"https:\/\/wgphoto.pl\/t\/index.php?rest_route=\/wp\/v2\/posts\/13185\/revisions\/13187"}],"wp:featuredmedia":[{"embeddable":true,"href":"https:\/\/wgphoto.pl\/t\/index.php?rest_route=\/wp\/v2\/media\/13186"}],"wp:attachment":[{"href":"https:\/\/wgphoto.pl\/t\/index.php?rest_route=%2Fwp%2Fv2%2Fmedia&parent=13185"}],"wp:term":[{"taxonomy":"category","embeddable":true,"href":"https:\/\/wgphoto.pl\/t\/index.php?rest_route=%2Fwp%2Fv2%2Fcategories&post=13185"},{"taxonomy":"post_tag","embeddable":true,"href":"https:\/\/wgphoto.pl\/t\/index.php?rest_route=%2Fwp%2Fv2%2Ftags&post=13185"}],"curies":[{"name":"wp","href":"https:\/\/api.w.org\/{rel}","templated":true}]}}