{"id":13194,"date":"2025-02-28T19:07:55","date_gmt":"2025-02-28T18:07:55","guid":{"rendered":"https:\/\/wgphoto.pl\/t\/?p=13194"},"modified":"2025-11-10T11:41:06","modified_gmt":"2025-11-10T10:41:06","slug":"morze-z-poziomu-1","status":"publish","type":"post","link":"https:\/\/wgphoto.pl\/t\/?p=13194","title":{"rendered":"Morze z poziomu +1"},"content":{"rendered":"\n<figure class=\"wp-block-image aligncenter size-full\"><img loading=\"lazy\" decoding=\"async\" width=\"1400\" height=\"937\" src=\"https:\/\/wgphoto.pl\/t\/wp-content\/uploads\/2025\/02\/IMGP1328.jpg\" alt=\"\" class=\"wp-image-22314\" srcset=\"https:\/\/wgphoto.pl\/t\/wp-content\/uploads\/2025\/02\/IMGP1328.jpg 1400w, https:\/\/wgphoto.pl\/t\/wp-content\/uploads\/2025\/02\/IMGP1328-300x201.jpg 300w, https:\/\/wgphoto.pl\/t\/wp-content\/uploads\/2025\/02\/IMGP1328-768x514.jpg 768w\" sizes=\"auto, (max-width: 1400px) 100vw, 1400px\" \/><\/figure>\n\n\n\n<div class=\"wp-block-group has-global-padding is-layout-constrained wp-block-group-is-layout-constrained\">\n<p>Alicante, odcinek MARQ &#8211; Sangueta. Cityrunner 4230 zjezd\u017ca z centrum miasta w kierunku Morza \u015ar\u00f3dziemnego. 05.12.2012<\/p>\n<\/div>\n","protected":false},"excerpt":{"rendered":"<p>Alicante, odcinek MARQ &#8211; Sangueta. Cityrunner 4230 zjezd\u017ca z centrum miasta w kierunku Morza \u015ar\u00f3dziemnego. 05.12.2012<\/p>\n","protected":false},"author":1,"featured_media":22314,"comment_status":"open","ping_status":"","sticky":false,"template":"","format":"standard","meta":{"footnotes":""},"categories":[46,3],"tags":[1835,1834,185,863,159,116,244],"class_list":["post-13194","post","type-post","status-publish","format-standard","has-post-thumbnail","hentry","category-rok-2012","category-tramwaj","tag-2012-12-05","tag-alicante","tag-cityrunner","tag-fgv-valencia","tag-hiszpania","tag-morze","tag-skaly"],"_links":{"self":[{"href":"https:\/\/wgphoto.pl\/t\/index.php?rest_route=\/wp\/v2\/posts\/13194","targetHints":{"allow":["GET"]}}],"collection":[{"href":"https:\/\/wgphoto.pl\/t\/index.php?rest_route=\/wp\/v2\/posts"}],"about":[{"href":"https:\/\/wgphoto.pl\/t\/index.php?rest_route=\/wp\/v2\/types\/post"}],"author":[{"embeddable":true,"href":"https:\/\/wgphoto.pl\/t\/index.php?rest_route=\/wp\/v2\/users\/1"}],"replies":[{"embeddable":true,"href":"https:\/\/wgphoto.pl\/t\/index.php?rest_route=%2Fwp%2Fv2%2Fcomments&post=13194"}],"version-history":[{"count":2,"href":"https:\/\/wgphoto.pl\/t\/index.php?rest_route=\/wp\/v2\/posts\/13194\/revisions"}],"predecessor-version":[{"id":22315,"href":"https:\/\/wgphoto.pl\/t\/index.php?rest_route=\/wp\/v2\/posts\/13194\/revisions\/22315"}],"wp:featuredmedia":[{"embeddable":true,"href":"https:\/\/wgphoto.pl\/t\/index.php?rest_route=\/wp\/v2\/media\/22314"}],"wp:attachment":[{"href":"https:\/\/wgphoto.pl\/t\/index.php?rest_route=%2Fwp%2Fv2%2Fmedia&parent=13194"}],"wp:term":[{"taxonomy":"category","embeddable":true,"href":"https:\/\/wgphoto.pl\/t\/index.php?rest_route=%2Fwp%2Fv2%2Fcategories&post=13194"},{"taxonomy":"post_tag","embeddable":true,"href":"https:\/\/wgphoto.pl\/t\/index.php?rest_route=%2Fwp%2Fv2%2Ftags&post=13194"}],"curies":[{"name":"wp","href":"https:\/\/api.w.org\/{rel}","templated":true}]}}