{"id":13197,"date":"2025-02-28T19:08:50","date_gmt":"2025-02-28T18:08:50","guid":{"rendered":"https:\/\/wgphoto.pl\/t\/?p=13197"},"modified":"2025-02-28T19:08:50","modified_gmt":"2025-02-28T18:08:50","slug":"morze-z-poziomu-2","status":"publish","type":"post","link":"https:\/\/wgphoto.pl\/t\/?p=13197","title":{"rendered":"Morze z poziomu +2"},"content":{"rendered":"\n<figure class=\"wp-block-image aligncenter size-full\"><img loading=\"lazy\" decoding=\"async\" width=\"1200\" height=\"803\" src=\"https:\/\/wgphoto.pl\/t\/wp-content\/uploads\/2025\/02\/imgp1332.jpg\" alt=\"\" class=\"wp-image-13198\" srcset=\"https:\/\/wgphoto.pl\/t\/wp-content\/uploads\/2025\/02\/imgp1332.jpg 1200w, https:\/\/wgphoto.pl\/t\/wp-content\/uploads\/2025\/02\/imgp1332-300x201.jpg 300w, https:\/\/wgphoto.pl\/t\/wp-content\/uploads\/2025\/02\/imgp1332-768x514.jpg 768w\" sizes=\"auto, (max-width: 1200px) 100vw, 1200px\" \/><\/figure>\n\n\n\n<div class=\"wp-block-group has-global-padding is-layout-constrained wp-block-group-is-layout-constrained\">\n<p>Alicante, odcinek Sangueta &#8211; MARQ. Niestety zachodz\u0105ce s\u0142o\u0144ce gas\u0142o w oczach wraz z zaliczaniem kolejnych poziom\u00f3w &#8211; a tych na skromnej ska\u0142ce, widocznej mocno fragmentarycznie po lewej, zosta\u0142o jeszcze wiele, cho\u0107 nie wiem czy na zasadzie legalnego trekkingu oraz z zadowalaj\u0105cym efektem fotograficznym. 05.12.2012<\/p>\n<\/div>\n","protected":false},"excerpt":{"rendered":"<p>Alicante, odcinek Sangueta &#8211; MARQ. Niestety zachodz\u0105ce s\u0142o\u0144ce gas\u0142o w oczach wraz z zaliczaniem kolejnych poziom\u00f3w &#8211; a tych na skromnej ska\u0142ce, widocznej mocno fragmentarycznie po lewej, zosta\u0142o jeszcze wiele, cho\u0107 nie wiem czy na zasadzie legalnego trekkingu oraz z zadowalaj\u0105cym efektem fotograficznym. 05.12.2012<\/p>\n","protected":false},"author":1,"featured_media":13198,"comment_status":"open","ping_status":"","sticky":false,"template":"","format":"standard","meta":{"footnotes":""},"categories":[46,3],"tags":[1835,1834,863,159,116,1153],"class_list":["post-13197","post","type-post","status-publish","format-standard","has-post-thumbnail","hentry","category-rok-2012","category-tramwaj","tag-2012-12-05","tag-alicante","tag-fgv-valencia","tag-hiszpania","tag-morze","tag-tramwaj-regionalny"],"_links":{"self":[{"href":"https:\/\/wgphoto.pl\/t\/index.php?rest_route=\/wp\/v2\/posts\/13197","targetHints":{"allow":["GET"]}}],"collection":[{"href":"https:\/\/wgphoto.pl\/t\/index.php?rest_route=\/wp\/v2\/posts"}],"about":[{"href":"https:\/\/wgphoto.pl\/t\/index.php?rest_route=\/wp\/v2\/types\/post"}],"author":[{"embeddable":true,"href":"https:\/\/wgphoto.pl\/t\/index.php?rest_route=\/wp\/v2\/users\/1"}],"replies":[{"embeddable":true,"href":"https:\/\/wgphoto.pl\/t\/index.php?rest_route=%2Fwp%2Fv2%2Fcomments&post=13197"}],"version-history":[{"count":1,"href":"https:\/\/wgphoto.pl\/t\/index.php?rest_route=\/wp\/v2\/posts\/13197\/revisions"}],"predecessor-version":[{"id":13199,"href":"https:\/\/wgphoto.pl\/t\/index.php?rest_route=\/wp\/v2\/posts\/13197\/revisions\/13199"}],"wp:featuredmedia":[{"embeddable":true,"href":"https:\/\/wgphoto.pl\/t\/index.php?rest_route=\/wp\/v2\/media\/13198"}],"wp:attachment":[{"href":"https:\/\/wgphoto.pl\/t\/index.php?rest_route=%2Fwp%2Fv2%2Fmedia&parent=13197"}],"wp:term":[{"taxonomy":"category","embeddable":true,"href":"https:\/\/wgphoto.pl\/t\/index.php?rest_route=%2Fwp%2Fv2%2Fcategories&post=13197"},{"taxonomy":"post_tag","embeddable":true,"href":"https:\/\/wgphoto.pl\/t\/index.php?rest_route=%2Fwp%2Fv2%2Ftags&post=13197"}],"curies":[{"name":"wp","href":"https:\/\/api.w.org\/{rel}","templated":true}]}}