{"id":132,"date":"2024-09-28T15:32:47","date_gmt":"2024-09-28T13:32:47","guid":{"rendered":"https:\/\/wgphoto.pl\/t\/?p=132"},"modified":"2024-09-28T15:33:04","modified_gmt":"2024-09-28T13:33:04","slug":"palac-kultury","status":"publish","type":"post","link":"https:\/\/wgphoto.pl\/t\/?p=132","title":{"rendered":"Pa\u0142ac kultury"},"content":{"rendered":"\n<figure class=\"wp-block-image aligncenter size-full\"><img loading=\"lazy\" decoding=\"async\" width=\"1024\" height=\"683\" src=\"https:\/\/wgphoto.pl\/t\/wp-content\/uploads\/20130604140844_imgp4241.jpg\" alt=\"\" class=\"wp-image-133\" srcset=\"https:\/\/wgphoto.pl\/t\/wp-content\/uploads\/20130604140844_imgp4241.jpg 1024w, https:\/\/wgphoto.pl\/t\/wp-content\/uploads\/20130604140844_imgp4241-300x200.jpg 300w, https:\/\/wgphoto.pl\/t\/wp-content\/uploads\/20130604140844_imgp4241-768x512.jpg 768w\" sizes=\"auto, (max-width: 1024px) 100vw, 1024px\" \/><\/figure>\n\n\n\n<p class=\"has-text-align-center\"><em>Elektrovilciens<\/em> serii ER2 jako poci\u0105g 6352 relacji Dubulti &#8211; R\u012bga-Pasa\u017eieru min\u0105\u0142 most przez D\u017awin\u0119 i za par\u0119 chwil zatrzyma si\u0119 na stacji docelowej. W tle widoczny jest ryski PKiN oraz dwie z pi\u0119ciu hal targowych wchodz\u0105cych w sk\u0142ad kompleksu centralnego targowiska, ca\u0142o\u015b\u0107 za\u015b o\u015bwietla niskie, wieczorne s\u0142o\u0144ce. [30.05.2013]<\/p>\n","protected":false},"excerpt":{"rendered":"<p>Elektrovilciens serii ER2 jako poci\u0105g 6352 relacji Dubulti &#8211; R\u012bga-Pasa\u017eieru min\u0105\u0142 most przez D\u017awin\u0119 i za par\u0119 chwil zatrzyma si\u0119 na stacji docelowej. W tle widoczny jest ryski PKiN oraz dwie z pi\u0119ciu hal targowych wchodz\u0105cych w sk\u0142ad kompleksu centralnego targowiska, ca\u0142o\u015b\u0107 za\u015b o\u015bwietla niskie, wieczorne s\u0142o\u0144ce. [30.05.2013]<\/p>\n","protected":false},"author":1,"featured_media":133,"comment_status":"open","ping_status":"","sticky":false,"template":"","format":"standard","meta":{"footnotes":""},"categories":[2,55],"tags":[60,34,59,58,56,45,57],"class_list":["post-132","post","type-post","status-publish","format-standard","has-post-thumbnail","hentry","category-kolej","category-rok-2013","tag-2013-05-30","tag-architektura","tag-er2","tag-ldz","tag-lotwa","tag-most","tag-ryga"],"_links":{"self":[{"href":"https:\/\/wgphoto.pl\/t\/index.php?rest_route=\/wp\/v2\/posts\/132","targetHints":{"allow":["GET"]}}],"collection":[{"href":"https:\/\/wgphoto.pl\/t\/index.php?rest_route=\/wp\/v2\/posts"}],"about":[{"href":"https:\/\/wgphoto.pl\/t\/index.php?rest_route=\/wp\/v2\/types\/post"}],"author":[{"embeddable":true,"href":"https:\/\/wgphoto.pl\/t\/index.php?rest_route=\/wp\/v2\/users\/1"}],"replies":[{"embeddable":true,"href":"https:\/\/wgphoto.pl\/t\/index.php?rest_route=%2Fwp%2Fv2%2Fcomments&post=132"}],"version-history":[{"count":1,"href":"https:\/\/wgphoto.pl\/t\/index.php?rest_route=\/wp\/v2\/posts\/132\/revisions"}],"predecessor-version":[{"id":134,"href":"https:\/\/wgphoto.pl\/t\/index.php?rest_route=\/wp\/v2\/posts\/132\/revisions\/134"}],"wp:featuredmedia":[{"embeddable":true,"href":"https:\/\/wgphoto.pl\/t\/index.php?rest_route=\/wp\/v2\/media\/133"}],"wp:attachment":[{"href":"https:\/\/wgphoto.pl\/t\/index.php?rest_route=%2Fwp%2Fv2%2Fmedia&parent=132"}],"wp:term":[{"taxonomy":"category","embeddable":true,"href":"https:\/\/wgphoto.pl\/t\/index.php?rest_route=%2Fwp%2Fv2%2Fcategories&post=132"},{"taxonomy":"post_tag","embeddable":true,"href":"https:\/\/wgphoto.pl\/t\/index.php?rest_route=%2Fwp%2Fv2%2Ftags&post=132"}],"curies":[{"name":"wp","href":"https:\/\/api.w.org\/{rel}","templated":true}]}}