{"id":13206,"date":"2025-02-28T19:12:45","date_gmt":"2025-02-28T18:12:45","guid":{"rendered":"https:\/\/wgphoto.pl\/t\/?p=13206"},"modified":"2025-02-28T19:12:45","modified_gmt":"2025-02-28T18:12:45","slug":"tramwaj-pospieszny","status":"publish","type":"post","link":"https:\/\/wgphoto.pl\/t\/?p=13206","title":{"rendered":"Tramwaj pospieszny"},"content":{"rendered":"\n<figure class=\"wp-block-image aligncenter size-full\"><img loading=\"lazy\" decoding=\"async\" width=\"1024\" height=\"683\" src=\"https:\/\/wgphoto.pl\/t\/wp-content\/uploads\/2025\/02\/imgp1120-12.jpg\" alt=\"\" class=\"wp-image-13207\" srcset=\"https:\/\/wgphoto.pl\/t\/wp-content\/uploads\/2025\/02\/imgp1120-12.jpg 1024w, https:\/\/wgphoto.pl\/t\/wp-content\/uploads\/2025\/02\/imgp1120-12-300x200.jpg 300w, https:\/\/wgphoto.pl\/t\/wp-content\/uploads\/2025\/02\/imgp1120-12-768x512.jpg 768w\" sizes=\"auto, (max-width: 1024px) 100vw, 1024px\" \/><\/figure>\n\n\n\n<div class=\"wp-block-group has-global-padding is-layout-constrained wp-block-group-is-layout-constrained\">\n<p>Podmiejski tramwaj linii 1 zbli\u017ca si\u0119 do przystaku Salesians, przed kt\u00f3rym nieznacznie zwolni i w razie potrzeby poda sygna\u0142 ostrzegawczy, jednak si\u0119 na nim nie zatrzyma. Kursy jedynki &#8211; najd\u0142u\u017cszej linii na tutejszej sieci (blisko 43 km) &#8211; na odcinku wsp\u00f3lnym z tr\u00f3jk\u0105 (stanowi\u0105c\u0105 skr\u00f3cony wariant 1 o d\u0142ugo\u015bci 23 km) mo\u017cna uzna\u0107 za pospieszne, omijaj\u0105 bowiem 10 z 17 przystank\u00f3w. 04.12.2012<\/p>\n<\/div>\n","protected":false},"excerpt":{"rendered":"<p>Podmiejski tramwaj linii 1 zbli\u017ca si\u0119 do przystaku Salesians, przed kt\u00f3rym nieznacznie zwolni i w razie potrzeby poda sygna\u0142 ostrzegawczy, jednak si\u0119 na nim nie zatrzyma. Kursy jedynki &#8211; najd\u0142u\u017cszej linii na tutejszej sieci (blisko 43 km) &#8211; na odcinku wsp\u00f3lnym z tr\u00f3jk\u0105 (stanowi\u0105c\u0105 skr\u00f3cony wariant 1 o d\u0142ugo\u015bci 23 km) mo\u017cna uzna\u0107 za pospieszne, [&hellip;]<\/p>\n","protected":false},"author":1,"featured_media":13207,"comment_status":"open","ping_status":"","sticky":false,"template":"","format":"standard","meta":{"footnotes":""},"categories":[46,3],"tags":[1836,1834,863,114,159,1153],"class_list":["post-13206","post","type-post","status-publish","format-standard","has-post-thumbnail","hentry","category-rok-2012","category-tramwaj","tag-2012-12-04","tag-alicante","tag-fgv-valencia","tag-gory","tag-hiszpania","tag-tramwaj-regionalny"],"_links":{"self":[{"href":"https:\/\/wgphoto.pl\/t\/index.php?rest_route=\/wp\/v2\/posts\/13206","targetHints":{"allow":["GET"]}}],"collection":[{"href":"https:\/\/wgphoto.pl\/t\/index.php?rest_route=\/wp\/v2\/posts"}],"about":[{"href":"https:\/\/wgphoto.pl\/t\/index.php?rest_route=\/wp\/v2\/types\/post"}],"author":[{"embeddable":true,"href":"https:\/\/wgphoto.pl\/t\/index.php?rest_route=\/wp\/v2\/users\/1"}],"replies":[{"embeddable":true,"href":"https:\/\/wgphoto.pl\/t\/index.php?rest_route=%2Fwp%2Fv2%2Fcomments&post=13206"}],"version-history":[{"count":1,"href":"https:\/\/wgphoto.pl\/t\/index.php?rest_route=\/wp\/v2\/posts\/13206\/revisions"}],"predecessor-version":[{"id":13208,"href":"https:\/\/wgphoto.pl\/t\/index.php?rest_route=\/wp\/v2\/posts\/13206\/revisions\/13208"}],"wp:featuredmedia":[{"embeddable":true,"href":"https:\/\/wgphoto.pl\/t\/index.php?rest_route=\/wp\/v2\/media\/13207"}],"wp:attachment":[{"href":"https:\/\/wgphoto.pl\/t\/index.php?rest_route=%2Fwp%2Fv2%2Fmedia&parent=13206"}],"wp:term":[{"taxonomy":"category","embeddable":true,"href":"https:\/\/wgphoto.pl\/t\/index.php?rest_route=%2Fwp%2Fv2%2Fcategories&post=13206"},{"taxonomy":"post_tag","embeddable":true,"href":"https:\/\/wgphoto.pl\/t\/index.php?rest_route=%2Fwp%2Fv2%2Ftags&post=13206"}],"curies":[{"name":"wp","href":"https:\/\/api.w.org\/{rel}","templated":true}]}}