{"id":13209,"date":"2025-02-28T19:13:43","date_gmt":"2025-02-28T18:13:43","guid":{"rendered":"https:\/\/wgphoto.pl\/t\/?p=13209"},"modified":"2025-02-28T19:13:43","modified_gmt":"2025-02-28T18:13:43","slug":"pod-skalka","status":"publish","type":"post","link":"https:\/\/wgphoto.pl\/t\/?p=13209","title":{"rendered":"Pod ska\u0142k\u0105"},"content":{"rendered":"\n<figure class=\"wp-block-image aligncenter size-full\"><img loading=\"lazy\" decoding=\"async\" width=\"1200\" height=\"803\" src=\"https:\/\/wgphoto.pl\/t\/wp-content\/uploads\/2025\/02\/imgp1275.jpg\" alt=\"\" class=\"wp-image-13210\" srcset=\"https:\/\/wgphoto.pl\/t\/wp-content\/uploads\/2025\/02\/imgp1275.jpg 1200w, https:\/\/wgphoto.pl\/t\/wp-content\/uploads\/2025\/02\/imgp1275-300x201.jpg 300w, https:\/\/wgphoto.pl\/t\/wp-content\/uploads\/2025\/02\/imgp1275-768x514.jpg 768w\" sizes=\"auto, (max-width: 1200px) 100vw, 1200px\" \/><\/figure>\n\n\n\n<div class=\"wp-block-group has-global-padding is-layout-constrained wp-block-group-is-layout-constrained\">\n<p>Tramwaj pod ska\u0142k\u0105 jest domen\u0105 nie tylko Podg\u00f3rzyna. W Alicante ska\u0142ka przybiera jednak inny kolor oraz troch\u0119 wi\u0119ksze rozmiary. 05.12.2012<\/p>\n<\/div>\n","protected":false},"excerpt":{"rendered":"<p>Tramwaj pod ska\u0142k\u0105 jest domen\u0105 nie tylko Podg\u00f3rzyna. W Alicante ska\u0142ka przybiera jednak inny kolor oraz troch\u0119 wi\u0119ksze rozmiary. 05.12.2012<\/p>\n","protected":false},"author":1,"featured_media":13210,"comment_status":"open","ping_status":"","sticky":false,"template":"","format":"standard","meta":{"footnotes":""},"categories":[46,3],"tags":[1835,1834,863,159,219,244,1153],"class_list":["post-13209","post","type-post","status-publish","format-standard","has-post-thumbnail","hentry","category-rok-2012","category-tramwaj","tag-2012-12-05","tag-alicante","tag-fgv-valencia","tag-hiszpania","tag-przystanek","tag-skaly","tag-tramwaj-regionalny"],"_links":{"self":[{"href":"https:\/\/wgphoto.pl\/t\/index.php?rest_route=\/wp\/v2\/posts\/13209","targetHints":{"allow":["GET"]}}],"collection":[{"href":"https:\/\/wgphoto.pl\/t\/index.php?rest_route=\/wp\/v2\/posts"}],"about":[{"href":"https:\/\/wgphoto.pl\/t\/index.php?rest_route=\/wp\/v2\/types\/post"}],"author":[{"embeddable":true,"href":"https:\/\/wgphoto.pl\/t\/index.php?rest_route=\/wp\/v2\/users\/1"}],"replies":[{"embeddable":true,"href":"https:\/\/wgphoto.pl\/t\/index.php?rest_route=%2Fwp%2Fv2%2Fcomments&post=13209"}],"version-history":[{"count":1,"href":"https:\/\/wgphoto.pl\/t\/index.php?rest_route=\/wp\/v2\/posts\/13209\/revisions"}],"predecessor-version":[{"id":13211,"href":"https:\/\/wgphoto.pl\/t\/index.php?rest_route=\/wp\/v2\/posts\/13209\/revisions\/13211"}],"wp:featuredmedia":[{"embeddable":true,"href":"https:\/\/wgphoto.pl\/t\/index.php?rest_route=\/wp\/v2\/media\/13210"}],"wp:attachment":[{"href":"https:\/\/wgphoto.pl\/t\/index.php?rest_route=%2Fwp%2Fv2%2Fmedia&parent=13209"}],"wp:term":[{"taxonomy":"category","embeddable":true,"href":"https:\/\/wgphoto.pl\/t\/index.php?rest_route=%2Fwp%2Fv2%2Fcategories&post=13209"},{"taxonomy":"post_tag","embeddable":true,"href":"https:\/\/wgphoto.pl\/t\/index.php?rest_route=%2Fwp%2Fv2%2Ftags&post=13209"}],"curies":[{"name":"wp","href":"https:\/\/api.w.org\/{rel}","templated":true}]}}