{"id":13218,"date":"2025-03-01T09:37:53","date_gmt":"2025-03-01T08:37:53","guid":{"rendered":"https:\/\/wgphoto.pl\/t\/?p=13218"},"modified":"2025-03-01T09:37:53","modified_gmt":"2025-03-01T08:37:53","slug":"205wras-nr-2716-pilczyce","status":"publish","type":"post","link":"https:\/\/wgphoto.pl\/t\/?p=13218","title":{"rendered":"205WrAs nr 2716, Pilczyce"},"content":{"rendered":"\n<figure class=\"wp-block-image aligncenter size-full\"><img loading=\"lazy\" decoding=\"async\" width=\"1024\" height=\"684\" src=\"https:\/\/wgphoto.pl\/t\/wp-content\/uploads\/2025\/03\/imgp9073.jpg\" alt=\"\" class=\"wp-image-13219\" srcset=\"https:\/\/wgphoto.pl\/t\/wp-content\/uploads\/2025\/03\/imgp9073.jpg 1024w, https:\/\/wgphoto.pl\/t\/wp-content\/uploads\/2025\/03\/imgp9073-300x200.jpg 300w, https:\/\/wgphoto.pl\/t\/wp-content\/uploads\/2025\/03\/imgp9073-768x513.jpg 768w\" sizes=\"auto, (max-width: 1024px) 100vw, 1024px\" \/><\/figure>\n\n\n\n<div class=\"wp-block-group has-global-padding is-layout-constrained wp-block-group-is-layout-constrained\">\n<p>Zwyczajny, acz lekko niepokoj\u0105cy &#8211; za spraw\u0105 nadchodz\u0105cych czarnych chmur oraz zegara odliczaj\u0105cego ju\u017c ostatni miesi\u0105c &#8211; wiecz\u00f3r na Pilczycach. Awaryjny 410 podczas brawurowej akcji ratowania wozokilometr\u00f3w na linii 3 na odcinku pl. Jana Paw\u0142a II &#8211; Pilczyce &#8211; pl. Strzegomski. 22.07.2012<\/p>\n<\/div>\n","protected":false},"excerpt":{"rendered":"<p>Zwyczajny, acz lekko niepokoj\u0105cy &#8211; za spraw\u0105 nadchodz\u0105cych czarnych chmur oraz zegara odliczaj\u0105cego ju\u017c ostatni miesi\u0105c &#8211; wiecz\u00f3r na Pilczycach. Awaryjny 410 podczas brawurowej akcji ratowania wozokilometr\u00f3w na linii 3 na odcinku pl. Jana Paw\u0142a II &#8211; Pilczyce &#8211; pl. Strzegomski. 22.07.2012<\/p>\n","protected":false},"author":1,"featured_media":13219,"comment_status":"open","ping_status":"","sticky":false,"template":"","format":"standard","meta":{"footnotes":""},"categories":[46,3],"tags":[3300,42,162,27,1096,439,90,41],"class_list":["post-13218","post","type-post","status-publish","format-standard","has-post-thumbnail","hentry","category-rok-2012","category-tramwaj","tag-2012-07-22","tag-mpk-wroclaw","tag-niebo","tag-polska","tag-protram-205wras","tag-we-fabryce","tag-wieczorem","tag-wroclaw"],"_links":{"self":[{"href":"https:\/\/wgphoto.pl\/t\/index.php?rest_route=\/wp\/v2\/posts\/13218","targetHints":{"allow":["GET"]}}],"collection":[{"href":"https:\/\/wgphoto.pl\/t\/index.php?rest_route=\/wp\/v2\/posts"}],"about":[{"href":"https:\/\/wgphoto.pl\/t\/index.php?rest_route=\/wp\/v2\/types\/post"}],"author":[{"embeddable":true,"href":"https:\/\/wgphoto.pl\/t\/index.php?rest_route=\/wp\/v2\/users\/1"}],"replies":[{"embeddable":true,"href":"https:\/\/wgphoto.pl\/t\/index.php?rest_route=%2Fwp%2Fv2%2Fcomments&post=13218"}],"version-history":[{"count":1,"href":"https:\/\/wgphoto.pl\/t\/index.php?rest_route=\/wp\/v2\/posts\/13218\/revisions"}],"predecessor-version":[{"id":13220,"href":"https:\/\/wgphoto.pl\/t\/index.php?rest_route=\/wp\/v2\/posts\/13218\/revisions\/13220"}],"wp:featuredmedia":[{"embeddable":true,"href":"https:\/\/wgphoto.pl\/t\/index.php?rest_route=\/wp\/v2\/media\/13219"}],"wp:attachment":[{"href":"https:\/\/wgphoto.pl\/t\/index.php?rest_route=%2Fwp%2Fv2%2Fmedia&parent=13218"}],"wp:term":[{"taxonomy":"category","embeddable":true,"href":"https:\/\/wgphoto.pl\/t\/index.php?rest_route=%2Fwp%2Fv2%2Fcategories&post=13218"},{"taxonomy":"post_tag","embeddable":true,"href":"https:\/\/wgphoto.pl\/t\/index.php?rest_route=%2Fwp%2Fv2%2Ftags&post=13218"}],"curies":[{"name":"wp","href":"https:\/\/api.w.org\/{rel}","templated":true}]}}