{"id":13224,"date":"2025-03-01T09:39:56","date_gmt":"2025-03-01T08:39:56","guid":{"rendered":"https:\/\/wgphoto.pl\/t\/?p=13224"},"modified":"2025-03-01T09:39:56","modified_gmt":"2025-03-01T08:39:56","slug":"bahnhof-niedersedlitz","status":"publish","type":"post","link":"https:\/\/wgphoto.pl\/t\/?p=13224","title":{"rendered":"Bahnhof Niedersedlitz"},"content":{"rendered":"\n<figure class=\"wp-block-image aligncenter size-full\"><img loading=\"lazy\" decoding=\"async\" width=\"1024\" height=\"684\" src=\"https:\/\/wgphoto.pl\/t\/wp-content\/uploads\/2025\/03\/imgp1430.jpg\" alt=\"\" class=\"wp-image-13225\" srcset=\"https:\/\/wgphoto.pl\/t\/wp-content\/uploads\/2025\/03\/imgp1430.jpg 1024w, https:\/\/wgphoto.pl\/t\/wp-content\/uploads\/2025\/03\/imgp1430-300x200.jpg 300w, https:\/\/wgphoto.pl\/t\/wp-content\/uploads\/2025\/03\/imgp1430-768x513.jpg 768w\" sizes=\"auto, (max-width: 1024px) 100vw, 1024px\" \/><\/figure>\n\n\n\n<div class=\"wp-block-group has-global-padding is-layout-constrained wp-block-group-is-layout-constrained\">\n<p>Drezno, p\u0119tla jak w tytule. Przymusowe zamulanie w nocnych tramwajach po rozmini\u0119ciu si\u0119 z ostatnim poci\u0105giem do domu o jak\u0105\u015b minut\u0119. 29.12.2009<\/p>\n<\/div>\n","protected":false},"excerpt":{"rendered":"<p>Drezno, p\u0119tla jak w tytule. Przymusowe zamulanie w nocnych tramwajach po rozmini\u0119ciu si\u0119 z ostatnim poci\u0105giem do domu o jak\u0105\u015b minut\u0119. 29.12.2009<\/p>\n","protected":false},"author":1,"featured_media":13225,"comment_status":"open","ping_status":"","sticky":false,"template":"","format":"standard","meta":{"footnotes":""},"categories":[169,3],"tags":[852,1126,851,850,23,154],"class_list":["post-13224","post","type-post","status-publish","format-standard","has-post-thumbnail","hentry","category-rok-2009","category-tramwaj","tag-2009-12-29","tag-bombardier-flexity-classic","tag-drezno","tag-dvb-dresden","tag-niemcy","tag-noc"],"_links":{"self":[{"href":"https:\/\/wgphoto.pl\/t\/index.php?rest_route=\/wp\/v2\/posts\/13224","targetHints":{"allow":["GET"]}}],"collection":[{"href":"https:\/\/wgphoto.pl\/t\/index.php?rest_route=\/wp\/v2\/posts"}],"about":[{"href":"https:\/\/wgphoto.pl\/t\/index.php?rest_route=\/wp\/v2\/types\/post"}],"author":[{"embeddable":true,"href":"https:\/\/wgphoto.pl\/t\/index.php?rest_route=\/wp\/v2\/users\/1"}],"replies":[{"embeddable":true,"href":"https:\/\/wgphoto.pl\/t\/index.php?rest_route=%2Fwp%2Fv2%2Fcomments&post=13224"}],"version-history":[{"count":1,"href":"https:\/\/wgphoto.pl\/t\/index.php?rest_route=\/wp\/v2\/posts\/13224\/revisions"}],"predecessor-version":[{"id":13226,"href":"https:\/\/wgphoto.pl\/t\/index.php?rest_route=\/wp\/v2\/posts\/13224\/revisions\/13226"}],"wp:featuredmedia":[{"embeddable":true,"href":"https:\/\/wgphoto.pl\/t\/index.php?rest_route=\/wp\/v2\/media\/13225"}],"wp:attachment":[{"href":"https:\/\/wgphoto.pl\/t\/index.php?rest_route=%2Fwp%2Fv2%2Fmedia&parent=13224"}],"wp:term":[{"taxonomy":"category","embeddable":true,"href":"https:\/\/wgphoto.pl\/t\/index.php?rest_route=%2Fwp%2Fv2%2Fcategories&post=13224"},{"taxonomy":"post_tag","embeddable":true,"href":"https:\/\/wgphoto.pl\/t\/index.php?rest_route=%2Fwp%2Fv2%2Ftags&post=13224"}],"curies":[{"name":"wp","href":"https:\/\/api.w.org\/{rel}","templated":true}]}}