{"id":13227,"date":"2025-03-01T09:40:49","date_gmt":"2025-03-01T08:40:49","guid":{"rendered":"https:\/\/wgphoto.pl\/t\/?p=13227"},"modified":"2025-03-01T09:40:49","modified_gmt":"2025-03-01T08:40:49","slug":"katowki-na-deptaku","status":"publish","type":"post","link":"https:\/\/wgphoto.pl\/t\/?p=13227","title":{"rendered":"Kat\u00f3wki na deptaku"},"content":{"rendered":"\n<figure class=\"wp-block-image aligncenter size-full\"><img loading=\"lazy\" decoding=\"async\" width=\"1024\" height=\"684\" src=\"https:\/\/wgphoto.pl\/t\/wp-content\/uploads\/2025\/03\/imgp1599-12.jpg\" alt=\"\" class=\"wp-image-13228\" srcset=\"https:\/\/wgphoto.pl\/t\/wp-content\/uploads\/2025\/03\/imgp1599-12.jpg 1024w, https:\/\/wgphoto.pl\/t\/wp-content\/uploads\/2025\/03\/imgp1599-12-300x200.jpg 300w, https:\/\/wgphoto.pl\/t\/wp-content\/uploads\/2025\/03\/imgp1599-12-768x513.jpg 768w\" sizes=\"auto, (max-width: 1024px) 100vw, 1024px\" \/><\/figure>\n\n\n\n<div class=\"wp-block-group has-global-padding is-layout-constrained wp-block-group-is-layout-constrained\">\n<p>G\u00f6rlitz, Berliner Stra\u00dfe. Zestaw KT4D 319+302 na \u015bwi\u0105tecznie przystrojonym deptaku w centrum miasta. Jego\u017c cz\u0119\u015b\u0107 znajduj\u0105ca si\u0119 za moimi plecami nawet &#8211; jak na enerdowo &#8211; t\u0119tni \u017cyciem i sprawia wra\u017cenie &#8222;zachodu&#8221;, lecz ta bli\u017csza dworcowi kolejowemu \u015bwieci pustkami. 18.12.2012<\/p>\n<\/div>\n","protected":false},"excerpt":{"rendered":"<p>G\u00f6rlitz, Berliner Stra\u00dfe. Zestaw KT4D 319+302 na \u015bwi\u0105tecznie przystrojonym deptaku w centrum miasta. Jego\u017c cz\u0119\u015b\u0107 znajduj\u0105ca si\u0119 za moimi plecami nawet &#8211; jak na enerdowo &#8211; t\u0119tni \u017cyciem i sprawia wra\u017cenie &#8222;zachodu&#8221;, lecz ta bli\u017csza dworcowi kolejowemu \u015bwieci pustkami. 18.12.2012<\/p>\n","protected":false},"author":1,"featured_media":13228,"comment_status":"open","ping_status":"","sticky":false,"template":"","format":"standard","meta":{"footnotes":""},"categories":[46,3],"tags":[1948,239,31,23,143,1491,33,129],"class_list":["post-13227","post","type-post","status-publish","format-standard","has-post-thumbnail","hentry","category-rok-2012","category-tramwaj","tag-2012-12-18","tag-deptak","tag-gorlitz","tag-niemcy","tag-ponad-30m","tag-swiateczne-akcenty","tag-tatra-kt4","tag-vgg-gorlitz"],"_links":{"self":[{"href":"https:\/\/wgphoto.pl\/t\/index.php?rest_route=\/wp\/v2\/posts\/13227","targetHints":{"allow":["GET"]}}],"collection":[{"href":"https:\/\/wgphoto.pl\/t\/index.php?rest_route=\/wp\/v2\/posts"}],"about":[{"href":"https:\/\/wgphoto.pl\/t\/index.php?rest_route=\/wp\/v2\/types\/post"}],"author":[{"embeddable":true,"href":"https:\/\/wgphoto.pl\/t\/index.php?rest_route=\/wp\/v2\/users\/1"}],"replies":[{"embeddable":true,"href":"https:\/\/wgphoto.pl\/t\/index.php?rest_route=%2Fwp%2Fv2%2Fcomments&post=13227"}],"version-history":[{"count":1,"href":"https:\/\/wgphoto.pl\/t\/index.php?rest_route=\/wp\/v2\/posts\/13227\/revisions"}],"predecessor-version":[{"id":13229,"href":"https:\/\/wgphoto.pl\/t\/index.php?rest_route=\/wp\/v2\/posts\/13227\/revisions\/13229"}],"wp:featuredmedia":[{"embeddable":true,"href":"https:\/\/wgphoto.pl\/t\/index.php?rest_route=\/wp\/v2\/media\/13228"}],"wp:attachment":[{"href":"https:\/\/wgphoto.pl\/t\/index.php?rest_route=%2Fwp%2Fv2%2Fmedia&parent=13227"}],"wp:term":[{"taxonomy":"category","embeddable":true,"href":"https:\/\/wgphoto.pl\/t\/index.php?rest_route=%2Fwp%2Fv2%2Fcategories&post=13227"},{"taxonomy":"post_tag","embeddable":true,"href":"https:\/\/wgphoto.pl\/t\/index.php?rest_route=%2Fwp%2Fv2%2Ftags&post=13227"}],"curies":[{"name":"wp","href":"https:\/\/api.w.org\/{rel}","templated":true}]}}