{"id":13240,"date":"2025-03-02T12:58:04","date_gmt":"2025-03-02T11:58:04","guid":{"rendered":"https:\/\/wgphoto.pl\/t\/?p=13240"},"modified":"2025-03-02T12:58:04","modified_gmt":"2025-03-02T11:58:04","slug":"trzynastki-na-pradze","status":"publish","type":"post","link":"https:\/\/wgphoto.pl\/t\/?p=13240","title":{"rendered":"Trzynastki na Pradze"},"content":{"rendered":"\n<figure class=\"wp-block-image aligncenter size-full\"><img loading=\"lazy\" decoding=\"async\" width=\"1024\" height=\"683\" src=\"https:\/\/wgphoto.pl\/t\/wp-content\/uploads\/2025\/03\/imgp1531.jpg\" alt=\"\" class=\"wp-image-13241\" srcset=\"https:\/\/wgphoto.pl\/t\/wp-content\/uploads\/2025\/03\/imgp1531.jpg 1024w, https:\/\/wgphoto.pl\/t\/wp-content\/uploads\/2025\/03\/imgp1531-300x200.jpg 300w, https:\/\/wgphoto.pl\/t\/wp-content\/uploads\/2025\/03\/imgp1531-768x512.jpg 768w\" sizes=\"auto, (max-width: 1024px) 100vw, 1024px\" \/><\/figure>\n\n\n\n<div class=\"wp-block-group has-global-padding is-layout-constrained wp-block-group-is-layout-constrained\">\n<p>Warszawa, ul. \u015arodkowa, 13N 793+792. Pomijaj\u0105c brak niemieckich wp\u0142yw\u00f3w w architekturze, okolica wygl\u0105da ca\u0142kiem swojsko. 2011-06-21<\/p>\n<\/div>\n","protected":false},"excerpt":{"rendered":"<p>Warszawa, ul. \u015arodkowa, 13N 793+792. Pomijaj\u0105c brak niemieckich wp\u0142yw\u00f3w w architekturze, okolica wygl\u0105da ca\u0142kiem swojsko. 2011-06-21<\/p>\n","protected":false},"author":1,"featured_media":13241,"comment_status":"open","ping_status":"","sticky":false,"template":"","format":"standard","meta":{"footnotes":""},"categories":[77,3],"tags":[2261,1895,27,953,954],"class_list":["post-13240","post","type-post","status-publish","format-standard","has-post-thumbnail","hentry","category-rok-2011","category-tramwaj","tag-2011-06-21","tag-konstal-13n","tag-polska","tag-tramwaje-warszawskie","tag-warszawa"],"_links":{"self":[{"href":"https:\/\/wgphoto.pl\/t\/index.php?rest_route=\/wp\/v2\/posts\/13240","targetHints":{"allow":["GET"]}}],"collection":[{"href":"https:\/\/wgphoto.pl\/t\/index.php?rest_route=\/wp\/v2\/posts"}],"about":[{"href":"https:\/\/wgphoto.pl\/t\/index.php?rest_route=\/wp\/v2\/types\/post"}],"author":[{"embeddable":true,"href":"https:\/\/wgphoto.pl\/t\/index.php?rest_route=\/wp\/v2\/users\/1"}],"replies":[{"embeddable":true,"href":"https:\/\/wgphoto.pl\/t\/index.php?rest_route=%2Fwp%2Fv2%2Fcomments&post=13240"}],"version-history":[{"count":1,"href":"https:\/\/wgphoto.pl\/t\/index.php?rest_route=\/wp\/v2\/posts\/13240\/revisions"}],"predecessor-version":[{"id":13242,"href":"https:\/\/wgphoto.pl\/t\/index.php?rest_route=\/wp\/v2\/posts\/13240\/revisions\/13242"}],"wp:featuredmedia":[{"embeddable":true,"href":"https:\/\/wgphoto.pl\/t\/index.php?rest_route=\/wp\/v2\/media\/13241"}],"wp:attachment":[{"href":"https:\/\/wgphoto.pl\/t\/index.php?rest_route=%2Fwp%2Fv2%2Fmedia&parent=13240"}],"wp:term":[{"taxonomy":"category","embeddable":true,"href":"https:\/\/wgphoto.pl\/t\/index.php?rest_route=%2Fwp%2Fv2%2Fcategories&post=13240"},{"taxonomy":"post_tag","embeddable":true,"href":"https:\/\/wgphoto.pl\/t\/index.php?rest_route=%2Fwp%2Fv2%2Ftags&post=13240"}],"curies":[{"name":"wp","href":"https:\/\/api.w.org\/{rel}","templated":true}]}}