{"id":13252,"date":"2025-03-02T13:01:48","date_gmt":"2025-03-02T12:01:48","guid":{"rendered":"https:\/\/wgphoto.pl\/t\/?p=13252"},"modified":"2025-03-02T13:01:48","modified_gmt":"2025-03-02T12:01:48","slug":"stodwojka-pod-stadionem-2","status":"publish","type":"post","link":"https:\/\/wgphoto.pl\/t\/?p=13252","title":{"rendered":"Stodw\u00f3jka pod stadionem (2)"},"content":{"rendered":"\n<figure class=\"wp-block-image aligncenter size-full\"><img loading=\"lazy\" decoding=\"async\" width=\"1024\" height=\"686\" src=\"https:\/\/wgphoto.pl\/t\/wp-content\/uploads\/2025\/03\/imgp1775.jpg\" alt=\"\" class=\"wp-image-13253\" srcset=\"https:\/\/wgphoto.pl\/t\/wp-content\/uploads\/2025\/03\/imgp1775.jpg 1024w, https:\/\/wgphoto.pl\/t\/wp-content\/uploads\/2025\/03\/imgp1775-300x201.jpg 300w, https:\/\/wgphoto.pl\/t\/wp-content\/uploads\/2025\/03\/imgp1775-768x515.jpg 768w\" sizes=\"auto, (max-width: 1024px) 100vw, 1024px\" \/><\/figure>\n\n\n\n<div class=\"wp-block-group has-global-padding is-layout-constrained wp-block-group-is-layout-constrained\">\n<p>Wagon 102Na G-089, wyst\u0119puj\u0105cy w roli przecieraka, dotar\u0142 do kra\u0144ca Stadion Wroc\u0142aw (Kr\u00f3lewiecka). Od zesz\u0142ego roku zajezdnia Borek wystawia na t\u0119 okoliczno\u015b\u0107 jedyn\u0105 na \u015bwiecie dwukierunkow\u0105 stodw\u00f3jk\u0119, kt\u00f3ra poza rejonem przyleg\u0142ym macierzystemu zak\u0142adowi ma za zadanie &#8222;przetrze\u0107&#8221; tak\u017ce pozbawione p\u0119tli trasy tzw. tramwaju plus, niedost\u0119pne z oczywistych powod\u00f3w dla stopi\u0105tek wystawianych przez pozosta\u0142e zajezdnie. Ca\u0142kiem mo\u017cliwe, \u017ce to nawet pierwsza wizyta tak przestarzale prezentuj\u0105cego si\u0119 tramwaju na najnowocze\u015bniejszej kra\u0144c\u00f3wce Wroc\u0142awia i okolic (gdzie za moich czas\u00f3w 2\/3 zwrotnic &#8222;robi\u0142o si\u0119&#8221; r\u0119cznie). 13.01.2013<\/p>\n<\/div>\n","protected":false},"excerpt":{"rendered":"<p>Wagon 102Na G-089, wyst\u0119puj\u0105cy w roli przecieraka, dotar\u0142 do kra\u0144ca Stadion Wroc\u0142aw (Kr\u00f3lewiecka). Od zesz\u0142ego roku zajezdnia Borek wystawia na t\u0119 okoliczno\u015b\u0107 jedyn\u0105 na \u015bwiecie dwukierunkow\u0105 stodw\u00f3jk\u0119, kt\u00f3ra poza rejonem przyleg\u0142ym macierzystemu zak\u0142adowi ma za zadanie &#8222;przetrze\u0107&#8221; tak\u017ce pozbawione p\u0119tli trasy tzw. tramwaju plus, niedost\u0119pne z oczywistych powod\u00f3w dla stopi\u0105tek wystawianych przez pozosta\u0142e zajezdnie. Ca\u0142kiem [&hellip;]<\/p>\n","protected":false},"author":1,"featured_media":13253,"comment_status":"open","ping_status":"","sticky":false,"template":"","format":"standard","meta":{"footnotes":""},"categories":[55,3],"tags":[3301,34,309,42,154,27,44,41],"class_list":["post-13252","post","type-post","status-publish","format-standard","has-post-thumbnail","hentry","category-rok-2013","category-tramwaj","tag-2013-01-13","tag-architektura","tag-konstal-102na","tag-mpk-wroclaw","tag-noc","tag-polska","tag-snieg","tag-wroclaw"],"_links":{"self":[{"href":"https:\/\/wgphoto.pl\/t\/index.php?rest_route=\/wp\/v2\/posts\/13252","targetHints":{"allow":["GET"]}}],"collection":[{"href":"https:\/\/wgphoto.pl\/t\/index.php?rest_route=\/wp\/v2\/posts"}],"about":[{"href":"https:\/\/wgphoto.pl\/t\/index.php?rest_route=\/wp\/v2\/types\/post"}],"author":[{"embeddable":true,"href":"https:\/\/wgphoto.pl\/t\/index.php?rest_route=\/wp\/v2\/users\/1"}],"replies":[{"embeddable":true,"href":"https:\/\/wgphoto.pl\/t\/index.php?rest_route=%2Fwp%2Fv2%2Fcomments&post=13252"}],"version-history":[{"count":1,"href":"https:\/\/wgphoto.pl\/t\/index.php?rest_route=\/wp\/v2\/posts\/13252\/revisions"}],"predecessor-version":[{"id":13254,"href":"https:\/\/wgphoto.pl\/t\/index.php?rest_route=\/wp\/v2\/posts\/13252\/revisions\/13254"}],"wp:featuredmedia":[{"embeddable":true,"href":"https:\/\/wgphoto.pl\/t\/index.php?rest_route=\/wp\/v2\/media\/13253"}],"wp:attachment":[{"href":"https:\/\/wgphoto.pl\/t\/index.php?rest_route=%2Fwp%2Fv2%2Fmedia&parent=13252"}],"wp:term":[{"taxonomy":"category","embeddable":true,"href":"https:\/\/wgphoto.pl\/t\/index.php?rest_route=%2Fwp%2Fv2%2Fcategories&post=13252"},{"taxonomy":"post_tag","embeddable":true,"href":"https:\/\/wgphoto.pl\/t\/index.php?rest_route=%2Fwp%2Fv2%2Ftags&post=13252"}],"curies":[{"name":"wp","href":"https:\/\/api.w.org\/{rel}","templated":true}]}}