{"id":13255,"date":"2025-03-02T13:02:36","date_gmt":"2025-03-02T12:02:36","guid":{"rendered":"https:\/\/wgphoto.pl\/t\/?p=13255"},"modified":"2025-03-02T13:02:36","modified_gmt":"2025-03-02T12:02:36","slug":"bunkrow-nie-ma","status":"publish","type":"post","link":"https:\/\/wgphoto.pl\/t\/?p=13255","title":{"rendered":"Bunkr\u00f3w nie ma"},"content":{"rendered":"\n<figure class=\"wp-block-image aligncenter size-full\"><img loading=\"lazy\" decoding=\"async\" width=\"1024\" height=\"685\" src=\"https:\/\/wgphoto.pl\/t\/wp-content\/uploads\/2025\/03\/imgp1766.jpg\" alt=\"\" class=\"wp-image-13256\" srcset=\"https:\/\/wgphoto.pl\/t\/wp-content\/uploads\/2025\/03\/imgp1766.jpg 1024w, https:\/\/wgphoto.pl\/t\/wp-content\/uploads\/2025\/03\/imgp1766-300x201.jpg 300w, https:\/\/wgphoto.pl\/t\/wp-content\/uploads\/2025\/03\/imgp1766-768x514.jpg 768w\" sizes=\"auto, (max-width: 1024px) 100vw, 1024px\" \/><\/figure>\n\n\n\n<div class=\"wp-block-group has-global-padding is-layout-constrained wp-block-group-is-layout-constrained\">\n<p>Na przystanku Plac Strzegomski (Muzeum Wsp\u00f3\u0142czesne), z tym\u017ce w\u0142a\u015bnie obiektem w tle. 13.01.2013<\/p>\n<\/div>\n","protected":false},"excerpt":{"rendered":"<p>Na przystanku Plac Strzegomski (Muzeum Wsp\u00f3\u0142czesne), z tym\u017ce w\u0142a\u015bnie obiektem w tle. 13.01.2013<\/p>\n","protected":false},"author":1,"featured_media":13256,"comment_status":"open","ping_status":"","sticky":false,"template":"","format":"standard","meta":{"footnotes":""},"categories":[55,3],"tags":[3301,173,309,42,154,27,44,41],"class_list":["post-13255","post","type-post","status-publish","format-standard","has-post-thumbnail","hentry","category-rok-2013","category-tramwaj","tag-2013-01-13","tag-koncowki","tag-konstal-102na","tag-mpk-wroclaw","tag-noc","tag-polska","tag-snieg","tag-wroclaw"],"_links":{"self":[{"href":"https:\/\/wgphoto.pl\/t\/index.php?rest_route=\/wp\/v2\/posts\/13255","targetHints":{"allow":["GET"]}}],"collection":[{"href":"https:\/\/wgphoto.pl\/t\/index.php?rest_route=\/wp\/v2\/posts"}],"about":[{"href":"https:\/\/wgphoto.pl\/t\/index.php?rest_route=\/wp\/v2\/types\/post"}],"author":[{"embeddable":true,"href":"https:\/\/wgphoto.pl\/t\/index.php?rest_route=\/wp\/v2\/users\/1"}],"replies":[{"embeddable":true,"href":"https:\/\/wgphoto.pl\/t\/index.php?rest_route=%2Fwp%2Fv2%2Fcomments&post=13255"}],"version-history":[{"count":1,"href":"https:\/\/wgphoto.pl\/t\/index.php?rest_route=\/wp\/v2\/posts\/13255\/revisions"}],"predecessor-version":[{"id":13257,"href":"https:\/\/wgphoto.pl\/t\/index.php?rest_route=\/wp\/v2\/posts\/13255\/revisions\/13257"}],"wp:featuredmedia":[{"embeddable":true,"href":"https:\/\/wgphoto.pl\/t\/index.php?rest_route=\/wp\/v2\/media\/13256"}],"wp:attachment":[{"href":"https:\/\/wgphoto.pl\/t\/index.php?rest_route=%2Fwp%2Fv2%2Fmedia&parent=13255"}],"wp:term":[{"taxonomy":"category","embeddable":true,"href":"https:\/\/wgphoto.pl\/t\/index.php?rest_route=%2Fwp%2Fv2%2Fcategories&post=13255"},{"taxonomy":"post_tag","embeddable":true,"href":"https:\/\/wgphoto.pl\/t\/index.php?rest_route=%2Fwp%2Fv2%2Ftags&post=13255"}],"curies":[{"name":"wp","href":"https:\/\/api.w.org\/{rel}","templated":true}]}}