{"id":13273,"date":"2025-03-02T13:14:26","date_gmt":"2025-03-02T12:14:26","guid":{"rendered":"https:\/\/wgphoto.pl\/t\/?p=13273"},"modified":"2025-03-02T13:14:26","modified_gmt":"2025-03-02T12:14:26","slug":"xxi-wosp-4","status":"publish","type":"post","link":"https:\/\/wgphoto.pl\/t\/?p=13273","title":{"rendered":"XXI WO\u015aP (4)"},"content":{"rendered":"\n<figure class=\"wp-block-image aligncenter size-full\"><img loading=\"lazy\" decoding=\"async\" width=\"1200\" height=\"803\" src=\"https:\/\/wgphoto.pl\/t\/wp-content\/uploads\/2025\/03\/imgp1799.jpg\" alt=\"\" class=\"wp-image-13274\" srcset=\"https:\/\/wgphoto.pl\/t\/wp-content\/uploads\/2025\/03\/imgp1799.jpg 1200w, https:\/\/wgphoto.pl\/t\/wp-content\/uploads\/2025\/03\/imgp1799-300x201.jpg 300w, https:\/\/wgphoto.pl\/t\/wp-content\/uploads\/2025\/03\/imgp1799-768x514.jpg 768w\" sizes=\"auto, (max-width: 1200px) 100vw, 1200px\" \/><\/figure>\n\n\n\n<div class=\"wp-block-group has-global-padding is-layout-constrained wp-block-group-is-layout-constrained\">\n<p>\u015awiate\u0142ko do nieba ogl\u0105dane z mostu Uniwersyteckiego. Kierowcy nie bardzo chcieli wsp\u00f3\u0142pracowa\u0107 i si\u0119 czaili omijaj\u0105c tramwaj. A jak liniowy zatrzymuje si\u0119 na przystanku dochodzonym z chodnika, to niejeden kierowca nawet nie zwolni. 2013-01-13<\/p>\n<\/div>\n","protected":false},"excerpt":{"rendered":"<p>\u015awiate\u0142ko do nieba ogl\u0105dane z mostu Uniwersyteckiego. Kierowcy nie bardzo chcieli wsp\u00f3\u0142pracowa\u0107 i si\u0119 czaili omijaj\u0105c tramwaj. A jak liniowy zatrzymuje si\u0119 na przystanku dochodzonym z chodnika, to niejeden kierowca nawet nie zwolni. 2013-01-13<\/p>\n","protected":false},"author":1,"featured_media":13274,"comment_status":"open","ping_status":"","sticky":false,"template":"","format":"standard","meta":{"footnotes":""},"categories":[55,3],"tags":[3301,34,3302,137,397,154,27,1523,41],"class_list":["post-13273","post","type-post","status-publish","format-standard","has-post-thumbnail","hentry","category-rok-2013","category-tramwaj","tag-2013-01-13","tag-architektura","tag-fajerwerki","tag-kstm","tag-n","tag-noc","tag-polska","tag-wosp","tag-wroclaw"],"_links":{"self":[{"href":"https:\/\/wgphoto.pl\/t\/index.php?rest_route=\/wp\/v2\/posts\/13273","targetHints":{"allow":["GET"]}}],"collection":[{"href":"https:\/\/wgphoto.pl\/t\/index.php?rest_route=\/wp\/v2\/posts"}],"about":[{"href":"https:\/\/wgphoto.pl\/t\/index.php?rest_route=\/wp\/v2\/types\/post"}],"author":[{"embeddable":true,"href":"https:\/\/wgphoto.pl\/t\/index.php?rest_route=\/wp\/v2\/users\/1"}],"replies":[{"embeddable":true,"href":"https:\/\/wgphoto.pl\/t\/index.php?rest_route=%2Fwp%2Fv2%2Fcomments&post=13273"}],"version-history":[{"count":1,"href":"https:\/\/wgphoto.pl\/t\/index.php?rest_route=\/wp\/v2\/posts\/13273\/revisions"}],"predecessor-version":[{"id":13275,"href":"https:\/\/wgphoto.pl\/t\/index.php?rest_route=\/wp\/v2\/posts\/13273\/revisions\/13275"}],"wp:featuredmedia":[{"embeddable":true,"href":"https:\/\/wgphoto.pl\/t\/index.php?rest_route=\/wp\/v2\/media\/13274"}],"wp:attachment":[{"href":"https:\/\/wgphoto.pl\/t\/index.php?rest_route=%2Fwp%2Fv2%2Fmedia&parent=13273"}],"wp:term":[{"taxonomy":"category","embeddable":true,"href":"https:\/\/wgphoto.pl\/t\/index.php?rest_route=%2Fwp%2Fv2%2Fcategories&post=13273"},{"taxonomy":"post_tag","embeddable":true,"href":"https:\/\/wgphoto.pl\/t\/index.php?rest_route=%2Fwp%2Fv2%2Ftags&post=13273"}],"curies":[{"name":"wp","href":"https:\/\/api.w.org\/{rel}","templated":true}]}}