{"id":13282,"date":"2025-03-02T13:17:36","date_gmt":"2025-03-02T12:17:36","guid":{"rendered":"https:\/\/wgphoto.pl\/t\/?p=13282"},"modified":"2025-03-02T13:17:36","modified_gmt":"2025-03-02T12:17:36","slug":"pantografy","status":"publish","type":"post","link":"https:\/\/wgphoto.pl\/t\/?p=13282","title":{"rendered":"Pantografy"},"content":{"rendered":"\n<figure class=\"wp-block-image aligncenter size-full\"><img loading=\"lazy\" decoding=\"async\" width=\"1300\" height=\"870\" src=\"https:\/\/wgphoto.pl\/t\/wp-content\/uploads\/2025\/03\/imgp5366.jpg\" alt=\"\" class=\"wp-image-13283\" srcset=\"https:\/\/wgphoto.pl\/t\/wp-content\/uploads\/2025\/03\/imgp5366.jpg 1300w, https:\/\/wgphoto.pl\/t\/wp-content\/uploads\/2025\/03\/imgp5366-300x201.jpg 300w, https:\/\/wgphoto.pl\/t\/wp-content\/uploads\/2025\/03\/imgp5366-768x514.jpg 768w\" sizes=\"auto, (max-width: 1300px) 100vw, 1300px\" \/><\/figure>\n\n\n\n<div class=\"wp-block-group has-global-padding is-layout-constrained wp-block-group-is-layout-constrained\">\n<p>2009 ze \u015bwie\u017co pomalowanym zderzakiem pozuje do zdj\u0119\u0107 w bramie pierwszego toru na nowej hali. Akcja rozgrywa si\u0119 oczywi\u015bcie na terenie zajezdni Borek. 2009-04-09<\/p>\n<\/div>\n","protected":false},"excerpt":{"rendered":"<p>2009 ze \u015bwie\u017co pomalowanym zderzakiem pozuje do zdj\u0119\u0107 w bramie pierwszego toru na nowej hali. Akcja rozgrywa si\u0119 oczywi\u015bcie na terenie zajezdni Borek. 2009-04-09<\/p>\n","protected":false},"author":1,"featured_media":13283,"comment_status":"open","ping_status":"","sticky":false,"template":"","format":"standard","meta":{"footnotes":""},"categories":[169,3],"tags":[607,309,42,27,905,41,138],"class_list":["post-13282","post","type-post","status-publish","format-standard","has-post-thumbnail","hentry","category-rok-2009","category-tramwaj","tag-2009-04-09","tag-konstal-102na","tag-mpk-wroclaw","tag-polska","tag-przez","tag-wroclaw","tag-zajezdnia"],"_links":{"self":[{"href":"https:\/\/wgphoto.pl\/t\/index.php?rest_route=\/wp\/v2\/posts\/13282","targetHints":{"allow":["GET"]}}],"collection":[{"href":"https:\/\/wgphoto.pl\/t\/index.php?rest_route=\/wp\/v2\/posts"}],"about":[{"href":"https:\/\/wgphoto.pl\/t\/index.php?rest_route=\/wp\/v2\/types\/post"}],"author":[{"embeddable":true,"href":"https:\/\/wgphoto.pl\/t\/index.php?rest_route=\/wp\/v2\/users\/1"}],"replies":[{"embeddable":true,"href":"https:\/\/wgphoto.pl\/t\/index.php?rest_route=%2Fwp%2Fv2%2Fcomments&post=13282"}],"version-history":[{"count":1,"href":"https:\/\/wgphoto.pl\/t\/index.php?rest_route=\/wp\/v2\/posts\/13282\/revisions"}],"predecessor-version":[{"id":13284,"href":"https:\/\/wgphoto.pl\/t\/index.php?rest_route=\/wp\/v2\/posts\/13282\/revisions\/13284"}],"wp:featuredmedia":[{"embeddable":true,"href":"https:\/\/wgphoto.pl\/t\/index.php?rest_route=\/wp\/v2\/media\/13283"}],"wp:attachment":[{"href":"https:\/\/wgphoto.pl\/t\/index.php?rest_route=%2Fwp%2Fv2%2Fmedia&parent=13282"}],"wp:term":[{"taxonomy":"category","embeddable":true,"href":"https:\/\/wgphoto.pl\/t\/index.php?rest_route=%2Fwp%2Fv2%2Fcategories&post=13282"},{"taxonomy":"post_tag","embeddable":true,"href":"https:\/\/wgphoto.pl\/t\/index.php?rest_route=%2Fwp%2Fv2%2Ftags&post=13282"}],"curies":[{"name":"wp","href":"https:\/\/api.w.org\/{rel}","templated":true}]}}