{"id":13285,"date":"2025-03-02T13:18:35","date_gmt":"2025-03-02T12:18:35","guid":{"rendered":"https:\/\/wgphoto.pl\/t\/?p=13285"},"modified":"2025-03-02T13:18:35","modified_gmt":"2025-03-02T12:18:35","slug":"rozbiorka-mostu","status":"publish","type":"post","link":"https:\/\/wgphoto.pl\/t\/?p=13285","title":{"rendered":"Rozbi\u00f3rka mostu"},"content":{"rendered":"\n<figure class=\"wp-block-image aligncenter size-full\"><img loading=\"lazy\" decoding=\"async\" width=\"1200\" height=\"803\" src=\"https:\/\/wgphoto.pl\/t\/wp-content\/uploads\/2025\/03\/imgp1709.jpg\" alt=\"\" class=\"wp-image-13286\" srcset=\"https:\/\/wgphoto.pl\/t\/wp-content\/uploads\/2025\/03\/imgp1709.jpg 1200w, https:\/\/wgphoto.pl\/t\/wp-content\/uploads\/2025\/03\/imgp1709-300x201.jpg 300w, https:\/\/wgphoto.pl\/t\/wp-content\/uploads\/2025\/03\/imgp1709-768x514.jpg 768w\" sizes=\"auto, (max-width: 1200px) 100vw, 1200px\" \/><\/figure>\n\n\n\n<div class=\"wp-block-group has-global-padding is-layout-constrained wp-block-group-is-layout-constrained\">\n<p>EP09-015 z &#8222;Panoram\u0105&#8221; do stolicy przeprawia si\u0119 przez Odr\u0119 mostem po\u0142o\u017conym w obr\u0119bie stacji Wroc\u0142aw Popowice. Widoczne w tle prz\u0119s\u0142o z toru nr 2 w czasie wykonywania zdj\u0119cia by\u0142o ju\u017c przesuni\u0119te znad koryta na suchy l\u0105d, obecnie za\u015b nie istnieje. W ramach modernizacji korytarza E-65 zostanie w jego miejscu postawiona zupe\u0142nie nowa konstrukcja. 30.12.2012<\/p>\n<\/div>\n","protected":false},"excerpt":{"rendered":"<p>EP09-015 z &#8222;Panoram\u0105&#8221; do stolicy przeprawia si\u0119 przez Odr\u0119 mostem po\u0142o\u017conym w obr\u0119bie stacji Wroc\u0142aw Popowice. Widoczne w tle prz\u0119s\u0142o z toru nr 2 w czasie wykonywania zdj\u0119cia by\u0142o ju\u017c przesuni\u0119te znad koryta na suchy l\u0105d, obecnie za\u015b nie istnieje. W ramach modernizacji korytarza E-65 zostanie w jego miejscu postawiona zupe\u0142nie nowa konstrukcja. 30.12.2012<\/p>\n","protected":false},"author":1,"featured_media":13286,"comment_status":"open","ping_status":"","sticky":false,"template":"","format":"standard","meta":{"footnotes":""},"categories":[2,46],"tags":[3303,745,2461,45,63,27,190,41,75],"class_list":["post-13285","post","type-post","status-publish","format-standard","has-post-thumbnail","hentry","category-kolej","category-rok-2012","tag-2012-12-30","tag-budowa","tag-ep09","tag-most","tag-pkp","tag-polska","tag-tab-pl330","tag-wroclaw","tag-wroclaw-popowice"],"_links":{"self":[{"href":"https:\/\/wgphoto.pl\/t\/index.php?rest_route=\/wp\/v2\/posts\/13285","targetHints":{"allow":["GET"]}}],"collection":[{"href":"https:\/\/wgphoto.pl\/t\/index.php?rest_route=\/wp\/v2\/posts"}],"about":[{"href":"https:\/\/wgphoto.pl\/t\/index.php?rest_route=\/wp\/v2\/types\/post"}],"author":[{"embeddable":true,"href":"https:\/\/wgphoto.pl\/t\/index.php?rest_route=\/wp\/v2\/users\/1"}],"replies":[{"embeddable":true,"href":"https:\/\/wgphoto.pl\/t\/index.php?rest_route=%2Fwp%2Fv2%2Fcomments&post=13285"}],"version-history":[{"count":1,"href":"https:\/\/wgphoto.pl\/t\/index.php?rest_route=\/wp\/v2\/posts\/13285\/revisions"}],"predecessor-version":[{"id":13287,"href":"https:\/\/wgphoto.pl\/t\/index.php?rest_route=\/wp\/v2\/posts\/13285\/revisions\/13287"}],"wp:featuredmedia":[{"embeddable":true,"href":"https:\/\/wgphoto.pl\/t\/index.php?rest_route=\/wp\/v2\/media\/13286"}],"wp:attachment":[{"href":"https:\/\/wgphoto.pl\/t\/index.php?rest_route=%2Fwp%2Fv2%2Fmedia&parent=13285"}],"wp:term":[{"taxonomy":"category","embeddable":true,"href":"https:\/\/wgphoto.pl\/t\/index.php?rest_route=%2Fwp%2Fv2%2Fcategories&post=13285"},{"taxonomy":"post_tag","embeddable":true,"href":"https:\/\/wgphoto.pl\/t\/index.php?rest_route=%2Fwp%2Fv2%2Ftags&post=13285"}],"curies":[{"name":"wp","href":"https:\/\/api.w.org\/{rel}","templated":true}]}}