{"id":13291,"date":"2025-03-02T13:20:48","date_gmt":"2025-03-02T12:20:48","guid":{"rendered":"https:\/\/wgphoto.pl\/t\/?p=13291"},"modified":"2025-03-02T13:20:48","modified_gmt":"2025-03-02T12:20:48","slug":"krzyzowanie-w-krosnie-odrz","status":"publish","type":"post","link":"https:\/\/wgphoto.pl\/t\/?p=13291","title":{"rendered":"Krzy\u017cowanie w Kro\u015bnie Odrz."},"content":{"rendered":"\n<figure class=\"wp-block-image aligncenter size-full\"><img loading=\"lazy\" decoding=\"async\" width=\"1024\" height=\"679\" src=\"https:\/\/wgphoto.pl\/t\/wp-content\/uploads\/2025\/03\/0616-01.jpg\" alt=\"\" class=\"wp-image-13292\" srcset=\"https:\/\/wgphoto.pl\/t\/wp-content\/uploads\/2025\/03\/0616-01.jpg 1024w, https:\/\/wgphoto.pl\/t\/wp-content\/uploads\/2025\/03\/0616-01-300x199.jpg 300w, https:\/\/wgphoto.pl\/t\/wp-content\/uploads\/2025\/03\/0616-01-768x509.jpg 768w\" sizes=\"auto, (max-width: 1024px) 100vw, 1024px\" \/><\/figure>\n\n\n\n<div class=\"wp-block-group has-global-padding is-layout-constrained wp-block-group-is-layout-constrained\">\n<p>Krosno Odrza\u0144skie. Podczas gdy brutto do Niemiec prowadzone ST43-258+365 wje\u017cd\u017ca na stacj\u0119, poci\u0105gi z ST43-80 i -273 oczekuj\u0105 na zwolnienie szlaku w kierunku Czerwie\u0144ska. 24.07.2006<\/p>\n<\/div>\n","protected":false},"excerpt":{"rendered":"<p>Krosno Odrza\u0144skie. Podczas gdy brutto do Niemiec prowadzone ST43-258+365 wje\u017cd\u017ca na stacj\u0119, poci\u0105gi z ST43-80 i -273 oczekuj\u0105 na zwolnienie szlaku w kierunku Czerwie\u0144ska. 24.07.2006<\/p>\n","protected":false},"author":1,"featured_media":13292,"comment_status":"open","ping_status":"","sticky":false,"template":"","format":"standard","meta":{"footnotes":""},"categories":[62,2,130],"tags":[3305,3306,389,63,27,64,1189],"class_list":["post-13291","post","type-post","status-publish","format-standard","has-post-thumbnail","hentry","category-analog","category-kolej","category-rok-2006","tag-2006-07-24","tag-krosno-odrzanskie","tag-mijanka","tag-pkp","tag-polska","tag-st43","tag-tab-pl333"],"_links":{"self":[{"href":"https:\/\/wgphoto.pl\/t\/index.php?rest_route=\/wp\/v2\/posts\/13291","targetHints":{"allow":["GET"]}}],"collection":[{"href":"https:\/\/wgphoto.pl\/t\/index.php?rest_route=\/wp\/v2\/posts"}],"about":[{"href":"https:\/\/wgphoto.pl\/t\/index.php?rest_route=\/wp\/v2\/types\/post"}],"author":[{"embeddable":true,"href":"https:\/\/wgphoto.pl\/t\/index.php?rest_route=\/wp\/v2\/users\/1"}],"replies":[{"embeddable":true,"href":"https:\/\/wgphoto.pl\/t\/index.php?rest_route=%2Fwp%2Fv2%2Fcomments&post=13291"}],"version-history":[{"count":1,"href":"https:\/\/wgphoto.pl\/t\/index.php?rest_route=\/wp\/v2\/posts\/13291\/revisions"}],"predecessor-version":[{"id":13293,"href":"https:\/\/wgphoto.pl\/t\/index.php?rest_route=\/wp\/v2\/posts\/13291\/revisions\/13293"}],"wp:featuredmedia":[{"embeddable":true,"href":"https:\/\/wgphoto.pl\/t\/index.php?rest_route=\/wp\/v2\/media\/13292"}],"wp:attachment":[{"href":"https:\/\/wgphoto.pl\/t\/index.php?rest_route=%2Fwp%2Fv2%2Fmedia&parent=13291"}],"wp:term":[{"taxonomy":"category","embeddable":true,"href":"https:\/\/wgphoto.pl\/t\/index.php?rest_route=%2Fwp%2Fv2%2Fcategories&post=13291"},{"taxonomy":"post_tag","embeddable":true,"href":"https:\/\/wgphoto.pl\/t\/index.php?rest_route=%2Fwp%2Fv2%2Ftags&post=13291"}],"curies":[{"name":"wp","href":"https:\/\/api.w.org\/{rel}","templated":true}]}}