{"id":13297,"date":"2025-03-02T13:22:27","date_gmt":"2025-03-02T12:22:27","guid":{"rendered":"https:\/\/wgphoto.pl\/t\/?p=13297"},"modified":"2025-03-02T13:22:27","modified_gmt":"2025-03-02T12:22:27","slug":"san-nad-notecia","status":"publish","type":"post","link":"https:\/\/wgphoto.pl\/t\/?p=13297","title":{"rendered":"&#8222;San&#8221; nad Noteci\u0105"},"content":{"rendered":"\n<figure class=\"wp-block-image aligncenter size-full\"><img loading=\"lazy\" decoding=\"async\" width=\"1024\" height=\"679\" src=\"https:\/\/wgphoto.pl\/t\/wp-content\/uploads\/2025\/03\/0616-25.jpg\" alt=\"\" class=\"wp-image-13298\" srcset=\"https:\/\/wgphoto.pl\/t\/wp-content\/uploads\/2025\/03\/0616-25.jpg 1024w, https:\/\/wgphoto.pl\/t\/wp-content\/uploads\/2025\/03\/0616-25-300x199.jpg 300w, https:\/\/wgphoto.pl\/t\/wp-content\/uploads\/2025\/03\/0616-25-768x509.jpg 768w\" sizes=\"auto, (max-width: 1024px) 100vw, 1024px\" \/><\/figure>\n\n\n\n<div class=\"wp-block-group has-global-padding is-layout-constrained wp-block-group-is-layout-constrained\">\n<p>SU45-090 z poc. posp. 83106 &#8222;San&#8221; z Kostrzyna do Przemy\u015bla i Zamo\u015bcia mija niegdy\u015b w\u0119z\u0142ow\u0105, obecnie za\u015b nieczynn\u0105 stacj\u0119 w Starych Bielicach. 27.07.2006<\/p>\n<\/div>\n","protected":false},"excerpt":{"rendered":"<p>SU45-090 z poc. posp. 83106 &#8222;San&#8221; z Kostrzyna do Przemy\u015bla i Zamo\u015bcia mija niegdy\u015b w\u0119z\u0142ow\u0105, obecnie za\u015b nieczynn\u0105 stacj\u0119 w Starych Bielicach. 27.07.2006<\/p>\n","protected":false},"author":1,"featured_media":13298,"comment_status":"open","ping_status":"","sticky":false,"template":"","format":"standard","meta":{"footnotes":""},"categories":[62,2,130],"tags":[3175,595,63,27,3308,290,53,594],"class_list":["post-13297","post","type-post","status-publish","format-standard","has-post-thumbnail","hentry","category-analog","category-kolej","category-rok-2006","tag-2006-07-27","tag-ostbahn","tag-pkp","tag-polska","tag-stare-bielice","tag-su45","tag-sygnalizacja-ksztaltowa","tag-tab-pl345"],"_links":{"self":[{"href":"https:\/\/wgphoto.pl\/t\/index.php?rest_route=\/wp\/v2\/posts\/13297","targetHints":{"allow":["GET"]}}],"collection":[{"href":"https:\/\/wgphoto.pl\/t\/index.php?rest_route=\/wp\/v2\/posts"}],"about":[{"href":"https:\/\/wgphoto.pl\/t\/index.php?rest_route=\/wp\/v2\/types\/post"}],"author":[{"embeddable":true,"href":"https:\/\/wgphoto.pl\/t\/index.php?rest_route=\/wp\/v2\/users\/1"}],"replies":[{"embeddable":true,"href":"https:\/\/wgphoto.pl\/t\/index.php?rest_route=%2Fwp%2Fv2%2Fcomments&post=13297"}],"version-history":[{"count":1,"href":"https:\/\/wgphoto.pl\/t\/index.php?rest_route=\/wp\/v2\/posts\/13297\/revisions"}],"predecessor-version":[{"id":13299,"href":"https:\/\/wgphoto.pl\/t\/index.php?rest_route=\/wp\/v2\/posts\/13297\/revisions\/13299"}],"wp:featuredmedia":[{"embeddable":true,"href":"https:\/\/wgphoto.pl\/t\/index.php?rest_route=\/wp\/v2\/media\/13298"}],"wp:attachment":[{"href":"https:\/\/wgphoto.pl\/t\/index.php?rest_route=%2Fwp%2Fv2%2Fmedia&parent=13297"}],"wp:term":[{"taxonomy":"category","embeddable":true,"href":"https:\/\/wgphoto.pl\/t\/index.php?rest_route=%2Fwp%2Fv2%2Fcategories&post=13297"},{"taxonomy":"post_tag","embeddable":true,"href":"https:\/\/wgphoto.pl\/t\/index.php?rest_route=%2Fwp%2Fv2%2Ftags&post=13297"}],"curies":[{"name":"wp","href":"https:\/\/api.w.org\/{rel}","templated":true}]}}