{"id":13300,"date":"2025-03-02T13:24:40","date_gmt":"2025-03-02T12:24:40","guid":{"rendered":"https:\/\/wgphoto.pl\/t\/?p=13300"},"modified":"2025-03-02T13:24:40","modified_gmt":"2025-03-02T12:24:40","slug":"rok-2010","status":"publish","type":"post","link":"https:\/\/wgphoto.pl\/t\/?p=13300","title":{"rendered":"Rok 2010"},"content":{"rendered":"\n<figure class=\"wp-block-image aligncenter size-full\"><img loading=\"lazy\" decoding=\"async\" width=\"1024\" height=\"683\" src=\"https:\/\/wgphoto.pl\/t\/wp-content\/uploads\/2025\/03\/imgp7647.jpg\" alt=\"\" class=\"wp-image-13301\" srcset=\"https:\/\/wgphoto.pl\/t\/wp-content\/uploads\/2025\/03\/imgp7647.jpg 1024w, https:\/\/wgphoto.pl\/t\/wp-content\/uploads\/2025\/03\/imgp7647-300x200.jpg 300w, https:\/\/wgphoto.pl\/t\/wp-content\/uploads\/2025\/03\/imgp7647-768x512.jpg 768w\" sizes=\"auto, (max-width: 1024px) 100vw, 1024px\" \/><\/figure>\n\n\n\n<div class=\"wp-block-group has-global-padding is-layout-constrained wp-block-group-is-layout-constrained\">\n<p>Almada, Avenida 23 de Julho. Combino C012 wspina si\u0119 w kierunku po\u0142udniowego kra\u0144ca tutejszej sieci, zostawiaj\u0105c za sob\u0105 morze blok\u00f3w (wszak Almada &#8222;sypialni\u0105&#8221; Lizbony jest), statu\u0119 Chrystusa Kr\u00f3la licz\u0105c\u0105 79 metr\u00f3w wysoko\u015bci oraz pylony mostu 25 Kwietnia, \u0142\u0105cz\u0105cego le\u017c\u0105ce na przeciwleg\u0142ych brzegach estuarium Tagu Almad\u0119 i Lizbon\u0119. 08.09.2010<\/p>\n<\/div>\n","protected":false},"excerpt":{"rendered":"<p>Almada, Avenida 23 de Julho. Combino C012 wspina si\u0119 w kierunku po\u0142udniowego kra\u0144ca tutejszej sieci, zostawiaj\u0105c za sob\u0105 morze blok\u00f3w (wszak Almada &#8222;sypialni\u0105&#8221; Lizbony jest), statu\u0119 Chrystusa Kr\u00f3la licz\u0105c\u0105 79 metr\u00f3w wysoko\u015bci oraz pylony mostu 25 Kwietnia, \u0142\u0105cz\u0105cego le\u017c\u0105ce na przeciwleg\u0142ych brzegach estuarium Tagu Almad\u0119 i Lizbon\u0119. 08.09.2010<\/p>\n","protected":false},"author":1,"featured_media":13301,"comment_status":"open","ping_status":"","sticky":false,"template":"","format":"standard","meta":{"footnotes":""},"categories":[86,3],"tags":[1431,2143,2142,297,381],"class_list":["post-13300","post","type-post","status-publish","format-standard","has-post-thumbnail","hentry","category-rok-2010","category-tramwaj","tag-2010-09-08","tag-almada","tag-mts-almada","tag-portugalia","tag-siemens-combino"],"_links":{"self":[{"href":"https:\/\/wgphoto.pl\/t\/index.php?rest_route=\/wp\/v2\/posts\/13300","targetHints":{"allow":["GET"]}}],"collection":[{"href":"https:\/\/wgphoto.pl\/t\/index.php?rest_route=\/wp\/v2\/posts"}],"about":[{"href":"https:\/\/wgphoto.pl\/t\/index.php?rest_route=\/wp\/v2\/types\/post"}],"author":[{"embeddable":true,"href":"https:\/\/wgphoto.pl\/t\/index.php?rest_route=\/wp\/v2\/users\/1"}],"replies":[{"embeddable":true,"href":"https:\/\/wgphoto.pl\/t\/index.php?rest_route=%2Fwp%2Fv2%2Fcomments&post=13300"}],"version-history":[{"count":1,"href":"https:\/\/wgphoto.pl\/t\/index.php?rest_route=\/wp\/v2\/posts\/13300\/revisions"}],"predecessor-version":[{"id":13302,"href":"https:\/\/wgphoto.pl\/t\/index.php?rest_route=\/wp\/v2\/posts\/13300\/revisions\/13302"}],"wp:featuredmedia":[{"embeddable":true,"href":"https:\/\/wgphoto.pl\/t\/index.php?rest_route=\/wp\/v2\/media\/13301"}],"wp:attachment":[{"href":"https:\/\/wgphoto.pl\/t\/index.php?rest_route=%2Fwp%2Fv2%2Fmedia&parent=13300"}],"wp:term":[{"taxonomy":"category","embeddable":true,"href":"https:\/\/wgphoto.pl\/t\/index.php?rest_route=%2Fwp%2Fv2%2Fcategories&post=13300"},{"taxonomy":"post_tag","embeddable":true,"href":"https:\/\/wgphoto.pl\/t\/index.php?rest_route=%2Fwp%2Fv2%2Ftags&post=13300"}],"curies":[{"name":"wp","href":"https:\/\/api.w.org\/{rel}","templated":true}]}}