{"id":13309,"date":"2025-03-02T13:27:56","date_gmt":"2025-03-02T12:27:56","guid":{"rendered":"https:\/\/wgphoto.pl\/t\/?p=13309"},"modified":"2025-03-02T13:27:56","modified_gmt":"2025-03-02T12:27:56","slug":"agata","status":"publish","type":"post","link":"https:\/\/wgphoto.pl\/t\/?p=13309","title":{"rendered":"Agata"},"content":{"rendered":"\n<figure class=\"wp-block-image aligncenter size-full\"><img loading=\"lazy\" decoding=\"async\" width=\"1024\" height=\"684\" src=\"https:\/\/wgphoto.pl\/t\/wp-content\/uploads\/2025\/03\/imgp1732.jpg\" alt=\"\" class=\"wp-image-13310\" srcset=\"https:\/\/wgphoto.pl\/t\/wp-content\/uploads\/2025\/03\/imgp1732.jpg 1024w, https:\/\/wgphoto.pl\/t\/wp-content\/uploads\/2025\/03\/imgp1732-300x200.jpg 300w, https:\/\/wgphoto.pl\/t\/wp-content\/uploads\/2025\/03\/imgp1732-768x513.jpg 768w\" sizes=\"auto, (max-width: 1024px) 100vw, 1024px\" \/><\/figure>\n\n\n\n<div class=\"wp-block-group has-global-padding is-layout-constrained wp-block-group-is-layout-constrained\">\n<p>163 030-0 z poc. osob. 77728 z Poznania do Leszna w \u015bwietle ostrego, porannego s\u0142o\u0144ca zatrzymuje si\u0119 w Luboniu. Lokomotywa posiada barwy reklamowe energetycznego koncernu \u010cEZ. 05.01.2013<\/p>\n<\/div>\n","protected":false},"excerpt":{"rendered":"<p>163 030-0 z poc. osob. 77728 z Poznania do Leszna w \u015bwietle ostrego, porannego s\u0142o\u0144ca zatrzymuje si\u0119 w Luboniu. Lokomotywa posiada barwy reklamowe energetycznego koncernu \u010cEZ. 05.01.2013<\/p>\n","protected":false},"author":1,"featured_media":13310,"comment_status":"open","ping_status":"","sticky":false,"template":"","format":"standard","meta":{"footnotes":""},"categories":[55,3],"tags":[1401,3309,283,50,249,3310,27,1502,190],"class_list":["post-13309","post","type-post","status-publish","format-standard","has-post-thumbnail","hentry","category-rok-2013","category-tramwaj","tag-1401","tag-2013-01-05","tag-bdhpmnu","tag-cd","tag-goscinne-wystepy","tag-lubon-kolo-poznania","tag-polska","tag-przewozy-regionalne","tag-tab-pl330"],"_links":{"self":[{"href":"https:\/\/wgphoto.pl\/t\/index.php?rest_route=\/wp\/v2\/posts\/13309","targetHints":{"allow":["GET"]}}],"collection":[{"href":"https:\/\/wgphoto.pl\/t\/index.php?rest_route=\/wp\/v2\/posts"}],"about":[{"href":"https:\/\/wgphoto.pl\/t\/index.php?rest_route=\/wp\/v2\/types\/post"}],"author":[{"embeddable":true,"href":"https:\/\/wgphoto.pl\/t\/index.php?rest_route=\/wp\/v2\/users\/1"}],"replies":[{"embeddable":true,"href":"https:\/\/wgphoto.pl\/t\/index.php?rest_route=%2Fwp%2Fv2%2Fcomments&post=13309"}],"version-history":[{"count":1,"href":"https:\/\/wgphoto.pl\/t\/index.php?rest_route=\/wp\/v2\/posts\/13309\/revisions"}],"predecessor-version":[{"id":13311,"href":"https:\/\/wgphoto.pl\/t\/index.php?rest_route=\/wp\/v2\/posts\/13309\/revisions\/13311"}],"wp:featuredmedia":[{"embeddable":true,"href":"https:\/\/wgphoto.pl\/t\/index.php?rest_route=\/wp\/v2\/media\/13310"}],"wp:attachment":[{"href":"https:\/\/wgphoto.pl\/t\/index.php?rest_route=%2Fwp%2Fv2%2Fmedia&parent=13309"}],"wp:term":[{"taxonomy":"category","embeddable":true,"href":"https:\/\/wgphoto.pl\/t\/index.php?rest_route=%2Fwp%2Fv2%2Fcategories&post=13309"},{"taxonomy":"post_tag","embeddable":true,"href":"https:\/\/wgphoto.pl\/t\/index.php?rest_route=%2Fwp%2Fv2%2Ftags&post=13309"}],"curies":[{"name":"wp","href":"https:\/\/api.w.org\/{rel}","templated":true}]}}