{"id":13315,"date":"2025-03-02T13:34:00","date_gmt":"2025-03-02T12:34:00","guid":{"rendered":"https:\/\/wgphoto.pl\/t\/?p=13315"},"modified":"2025-03-02T13:34:00","modified_gmt":"2025-03-02T12:34:00","slug":"gabrysia-2","status":"publish","type":"post","link":"https:\/\/wgphoto.pl\/t\/?p=13315","title":{"rendered":"Gabrysia"},"content":{"rendered":"\n<figure class=\"wp-block-image aligncenter size-full\"><img loading=\"lazy\" decoding=\"async\" width=\"1024\" height=\"682\" src=\"https:\/\/wgphoto.pl\/t\/wp-content\/uploads\/2025\/03\/imgp0643.jpg\" alt=\"\" class=\"wp-image-13316\" srcset=\"https:\/\/wgphoto.pl\/t\/wp-content\/uploads\/2025\/03\/imgp0643.jpg 1024w, https:\/\/wgphoto.pl\/t\/wp-content\/uploads\/2025\/03\/imgp0643-300x200.jpg 300w, https:\/\/wgphoto.pl\/t\/wp-content\/uploads\/2025\/03\/imgp0643-768x512.jpg 768w\" sizes=\"auto, (max-width: 1024px) 100vw, 1024px\" \/><\/figure>\n\n\n\n<div class=\"wp-block-group has-global-padding is-layout-constrained wp-block-group-is-layout-constrained\">\n<p>163 026-8, zwana Gabrysi\u0105, manewruje we Wroc\u0142awiu G\u0142\u00f3wnym, najpewniej przy poci\u0105gu z Gniezna do Jeleniej G\u00f3ry. 28.11.2012<\/p>\n<\/div>\n","protected":false},"excerpt":{"rendered":"<p>163 026-8, zwana Gabrysi\u0105, manewruje we Wroc\u0142awiu G\u0142\u00f3wnym, najpewniej przy poci\u0105gu z Gniezna do Jeleniej G\u00f3ry. 28.11.2012<\/p>\n","protected":false},"author":1,"featured_media":13316,"comment_status":"open","ping_status":"","sticky":false,"template":"","format":"standard","meta":{"footnotes":""},"categories":[2,46],"tags":[1401,3312,50,249,179,27,1502,41,180],"class_list":["post-13315","post","type-post","status-publish","format-standard","has-post-thumbnail","hentry","category-kolej","category-rok-2012","tag-1401","tag-2012-11-28","tag-cd","tag-goscinne-wystepy","tag-hala-peronowa","tag-polska","tag-przewozy-regionalne","tag-wroclaw","tag-wroclaw-glowny"],"_links":{"self":[{"href":"https:\/\/wgphoto.pl\/t\/index.php?rest_route=\/wp\/v2\/posts\/13315","targetHints":{"allow":["GET"]}}],"collection":[{"href":"https:\/\/wgphoto.pl\/t\/index.php?rest_route=\/wp\/v2\/posts"}],"about":[{"href":"https:\/\/wgphoto.pl\/t\/index.php?rest_route=\/wp\/v2\/types\/post"}],"author":[{"embeddable":true,"href":"https:\/\/wgphoto.pl\/t\/index.php?rest_route=\/wp\/v2\/users\/1"}],"replies":[{"embeddable":true,"href":"https:\/\/wgphoto.pl\/t\/index.php?rest_route=%2Fwp%2Fv2%2Fcomments&post=13315"}],"version-history":[{"count":1,"href":"https:\/\/wgphoto.pl\/t\/index.php?rest_route=\/wp\/v2\/posts\/13315\/revisions"}],"predecessor-version":[{"id":13317,"href":"https:\/\/wgphoto.pl\/t\/index.php?rest_route=\/wp\/v2\/posts\/13315\/revisions\/13317"}],"wp:featuredmedia":[{"embeddable":true,"href":"https:\/\/wgphoto.pl\/t\/index.php?rest_route=\/wp\/v2\/media\/13316"}],"wp:attachment":[{"href":"https:\/\/wgphoto.pl\/t\/index.php?rest_route=%2Fwp%2Fv2%2Fmedia&parent=13315"}],"wp:term":[{"taxonomy":"category","embeddable":true,"href":"https:\/\/wgphoto.pl\/t\/index.php?rest_route=%2Fwp%2Fv2%2Fcategories&post=13315"},{"taxonomy":"post_tag","embeddable":true,"href":"https:\/\/wgphoto.pl\/t\/index.php?rest_route=%2Fwp%2Fv2%2Ftags&post=13315"}],"curies":[{"name":"wp","href":"https:\/\/api.w.org\/{rel}","templated":true}]}}