{"id":13332,"date":"2025-03-02T14:48:54","date_gmt":"2025-03-02T13:48:54","guid":{"rendered":"https:\/\/wgphoto.pl\/t\/?p=13332"},"modified":"2025-03-02T14:55:33","modified_gmt":"2025-03-02T13:55:33","slug":"et22-330","status":"publish","type":"post","link":"https:\/\/wgphoto.pl\/t\/?p=13332","title":{"rendered":"ET22-330"},"content":{"rendered":"\n<figure class=\"wp-block-image aligncenter size-full\"><img loading=\"lazy\" decoding=\"async\" width=\"1400\" height=\"902\" src=\"https:\/\/wgphoto.pl\/t\/wp-content\/uploads\/2025\/03\/0303-35_rsn.jpg\" alt=\"\" class=\"wp-image-13333\" srcset=\"https:\/\/wgphoto.pl\/t\/wp-content\/uploads\/2025\/03\/0303-35_rsn.jpg 1400w, https:\/\/wgphoto.pl\/t\/wp-content\/uploads\/2025\/03\/0303-35_rsn-300x193.jpg 300w, https:\/\/wgphoto.pl\/t\/wp-content\/uploads\/2025\/03\/0303-35_rsn-768x495.jpg 768w\" sizes=\"auto, (max-width: 1400px) 100vw, 1400px\" \/><\/figure>\n\n\n\n<div class=\"wp-block-group has-global-padding is-layout-constrained wp-block-group-is-layout-constrained\">\n<p>ET22-330 z nocnym poci\u0105giem pospiesznym 52500 do Lublina przed odjazdem z Gdyni G\u0142\u00f3wnej. 06.02.2003<\/p>\n<\/div>\n","protected":false},"excerpt":{"rendered":"<p>ET22-330 z nocnym poci\u0105giem pospiesznym 52500 do Lublina przed odjazdem z Gdyni G\u0142\u00f3wnej. 06.02.2003<\/p>\n","protected":false},"author":1,"featured_media":13333,"comment_status":"open","ping_status":"","sticky":false,"template":"","format":"standard","meta":{"footnotes":""},"categories":[62,2,149],"tags":[153,26,150,154,24,63,27,44,1936],"class_list":["post-13332","post","type-post","status-publish","format-standard","has-post-thumbnail","hentry","category-analog","category-kolej","category-rok-2003","tag-2003-02-06","tag-et22","tag-gdynia-glowna","tag-noc","tag-perony","tag-pkp","tag-polska","tag-snieg","tag-tab-pl400"],"_links":{"self":[{"href":"https:\/\/wgphoto.pl\/t\/index.php?rest_route=\/wp\/v2\/posts\/13332","targetHints":{"allow":["GET"]}}],"collection":[{"href":"https:\/\/wgphoto.pl\/t\/index.php?rest_route=\/wp\/v2\/posts"}],"about":[{"href":"https:\/\/wgphoto.pl\/t\/index.php?rest_route=\/wp\/v2\/types\/post"}],"author":[{"embeddable":true,"href":"https:\/\/wgphoto.pl\/t\/index.php?rest_route=\/wp\/v2\/users\/1"}],"replies":[{"embeddable":true,"href":"https:\/\/wgphoto.pl\/t\/index.php?rest_route=%2Fwp%2Fv2%2Fcomments&post=13332"}],"version-history":[{"count":1,"href":"https:\/\/wgphoto.pl\/t\/index.php?rest_route=\/wp\/v2\/posts\/13332\/revisions"}],"predecessor-version":[{"id":13334,"href":"https:\/\/wgphoto.pl\/t\/index.php?rest_route=\/wp\/v2\/posts\/13332\/revisions\/13334"}],"wp:featuredmedia":[{"embeddable":true,"href":"https:\/\/wgphoto.pl\/t\/index.php?rest_route=\/wp\/v2\/media\/13333"}],"wp:attachment":[{"href":"https:\/\/wgphoto.pl\/t\/index.php?rest_route=%2Fwp%2Fv2%2Fmedia&parent=13332"}],"wp:term":[{"taxonomy":"category","embeddable":true,"href":"https:\/\/wgphoto.pl\/t\/index.php?rest_route=%2Fwp%2Fv2%2Fcategories&post=13332"},{"taxonomy":"post_tag","embeddable":true,"href":"https:\/\/wgphoto.pl\/t\/index.php?rest_route=%2Fwp%2Fv2%2Ftags&post=13332"}],"curies":[{"name":"wp","href":"https:\/\/api.w.org\/{rel}","templated":true}]}}