{"id":13348,"date":"2025-03-02T19:53:57","date_gmt":"2025-03-02T18:53:57","guid":{"rendered":"https:\/\/wgphoto.pl\/t\/?p=13348"},"modified":"2025-03-02T19:53:57","modified_gmt":"2025-03-02T18:53:57","slug":"zielony-prerov","status":"publish","type":"post","link":"https:\/\/wgphoto.pl\/t\/?p=13348","title":{"rendered":"Zielony P\u0159erov"},"content":{"rendered":"\n<figure class=\"wp-block-image aligncenter size-full\"><img loading=\"lazy\" decoding=\"async\" width=\"1024\" height=\"681\" src=\"https:\/\/wgphoto.pl\/t\/wp-content\/uploads\/2025\/03\/imgp5843.jpg\" alt=\"\" class=\"wp-image-13349\" srcset=\"https:\/\/wgphoto.pl\/t\/wp-content\/uploads\/2025\/03\/imgp5843.jpg 1024w, https:\/\/wgphoto.pl\/t\/wp-content\/uploads\/2025\/03\/imgp5843-300x200.jpg 300w, https:\/\/wgphoto.pl\/t\/wp-content\/uploads\/2025\/03\/imgp5843-768x511.jpg 768w\" sizes=\"auto, (max-width: 1024px) 100vw, 1024px\" \/><\/figure>\n\n\n\n<div class=\"wp-block-group has-global-padding is-layout-constrained wp-block-group-is-layout-constrained\">\n<p>Dwa klasyki z \u017c\u00f3\u0142tym pasem na stacji w Przerowie, zaro\u015bni\u0119tej ponad czeski standard, najpewniej z powodu rozpoczynaj\u0105cej si\u0119 w\u0142a\u015bnie modernizacji (po prawej wida\u0107 wyrwany z trawy tor), kt\u00f3ra poci\u0105gn\u0119\u0142a za sob\u0105 brak dba\u0142o\u015bci o to, co za chwil\u0119 zostanie rozebrane. 163 256-1 odje\u017cd\u017ca z poci\u0105giem osobowym 3309 do Bohum\u00edna, 163 241-3 pojedzie za\u015b z osobowym 3760 do pobliskiego O\u0142omu\u0144ca. 15.08.2010<\/p>\n<\/div>\n","protected":false},"excerpt":{"rendered":"<p>Dwa klasyki z \u017c\u00f3\u0142tym pasem na stacji w Przerowie, zaro\u015bni\u0119tej ponad czeski standard, najpewniej z powodu rozpoczynaj\u0105cej si\u0119 w\u0142a\u015bnie modernizacji (po prawej wida\u0107 wyrwany z trawy tor), kt\u00f3ra poci\u0105gn\u0119\u0142a za sob\u0105 brak dba\u0142o\u015bci o to, co za chwil\u0119 zostanie rozebrane. 163 256-1 odje\u017cd\u017ca z poci\u0105giem osobowym 3309 do Bohum\u00edna, 163 241-3 pojedzie za\u015b z osobowym [&hellip;]<\/p>\n","protected":false},"author":1,"featured_media":13349,"comment_status":"open","ping_status":"","sticky":false,"template":"","format":"standard","meta":{"footnotes":""},"categories":[2,86],"tags":[1401,791,50,49,24,2146,981],"class_list":["post-13348","post","type-post","status-publish","format-standard","has-post-thumbnail","hentry","category-kolej","category-rok-2010","tag-1401","tag-2010-08-15","tag-cd","tag-czechy","tag-perony","tag-prerov","tag-tab-cz270"],"_links":{"self":[{"href":"https:\/\/wgphoto.pl\/t\/index.php?rest_route=\/wp\/v2\/posts\/13348","targetHints":{"allow":["GET"]}}],"collection":[{"href":"https:\/\/wgphoto.pl\/t\/index.php?rest_route=\/wp\/v2\/posts"}],"about":[{"href":"https:\/\/wgphoto.pl\/t\/index.php?rest_route=\/wp\/v2\/types\/post"}],"author":[{"embeddable":true,"href":"https:\/\/wgphoto.pl\/t\/index.php?rest_route=\/wp\/v2\/users\/1"}],"replies":[{"embeddable":true,"href":"https:\/\/wgphoto.pl\/t\/index.php?rest_route=%2Fwp%2Fv2%2Fcomments&post=13348"}],"version-history":[{"count":1,"href":"https:\/\/wgphoto.pl\/t\/index.php?rest_route=\/wp\/v2\/posts\/13348\/revisions"}],"predecessor-version":[{"id":13350,"href":"https:\/\/wgphoto.pl\/t\/index.php?rest_route=\/wp\/v2\/posts\/13348\/revisions\/13350"}],"wp:featuredmedia":[{"embeddable":true,"href":"https:\/\/wgphoto.pl\/t\/index.php?rest_route=\/wp\/v2\/media\/13349"}],"wp:attachment":[{"href":"https:\/\/wgphoto.pl\/t\/index.php?rest_route=%2Fwp%2Fv2%2Fmedia&parent=13348"}],"wp:term":[{"taxonomy":"category","embeddable":true,"href":"https:\/\/wgphoto.pl\/t\/index.php?rest_route=%2Fwp%2Fv2%2Fcategories&post=13348"},{"taxonomy":"post_tag","embeddable":true,"href":"https:\/\/wgphoto.pl\/t\/index.php?rest_route=%2Fwp%2Fv2%2Ftags&post=13348"}],"curies":[{"name":"wp","href":"https:\/\/api.w.org\/{rel}","templated":true}]}}